{"id":995,"date":"2023-05-07T17:29:31","date_gmt":"2023-05-07T20:29:31","guid":{"rendered":"https:\/\/abogadopenalenmendoza.com.ar\/abogado\/?p=995"},"modified":"2023-05-07T17:29:31","modified_gmt":"2023-05-07T20:29:31","slug":"plazo-razonable-para-ser-juzgado","status":"publish","type":"post","link":"https:\/\/abogadopenalenmendoza.com.ar\/abogado\/2023\/05\/07\/plazo-razonable-para-ser-juzgado\/","title":{"rendered":"PLAZO RAZONABLE PARA SER JUZGADO"},"content":{"rendered":"\n<p><a href=\"https:\/\/www.pensamientopenal.com.ar\/juzgados\/corte-suprema-justicia-nacion\" target=\"_blank\" rel=\"noreferrer noopener\">Corte Suprema de Justicia de la Naci\u00f3n<\/a>, abril, Jueves 20, a\u00f1o 2023. FRO 83000002\/2006\/TO1\/3\/RH2N\u00fa\u00f1ez, Oscar Alejandro s\/ falso testimonio.<\/p>\n\n\n\n<p>Ante el rechazo del planteo de insubsistencia de la acci\u00f3n penal por violaci\u00f3n al plazo razonable por haberse prolongado el proceso por m\u00e1s de diecisiete a\u00f1os, el tribunal oral conden\u00f3 al procesado a la pena de un a\u00f1o y seis meses de prisi\u00f3n de ejecuci\u00f3n condicional por considerarlo autor del delito de falso testimonio. Contra esa decisi\u00f3n, la defensa dedujo recurso ante la c\u00e1mara de casaci\u00f3n, que confirm\u00f3 la condena. Frente a ello, el apelante recurri\u00f3 ante la Corte, la cual,&nbsp;<strong>por unanimidad<\/strong>, dej\u00f3 sin efecto la sentencia.&nbsp;<strong>Para decidir de ese modo, record\u00f3 que el concepto de plazo razonable al que se hace referencia en el art\u00edculo 8\u00ba, inciso 1\u00ba, de la Convenci\u00f3n Americana sobre Derechos Humanos, debe medirse con relaci\u00f3n a una serie de factores tales como la complejidad del caso, la conducta del inculpado y la diligencia de las autoridades competentes en la conducci\u00f3n del proceso.&nbsp;<\/strong>Agreg\u00f3 que el mismo ha de ser determinado judicialmente en cada litigio, tomando en consideraci\u00f3n los rasgos particulares del caso concreto y su cumplimiento determinar\u00e1 la extinci\u00f3n de la pretensi\u00f3n punitiva a pesar de que los t\u00e9rminos de prescripci\u00f3n dispuestos en la ley ordinaria indiquen lo contrario. En ese entendimiento,&nbsp;<strong>se\u00f1al\u00f3 que el caso en estudio no revest\u00eda complejidad alguna, ya que se trataba de una causa por falso testimonio con un solo imputado, cuya investigaci\u00f3n no hab\u00eda requerido de tr\u00e1mites procesales complejos.&nbsp;<u>Explic\u00f3 que el encausado no es el responsable de velar por la celeridad y diligencia de la actuaci\u00f3n de las autoridades en el desarrollo del proceso penal, raz\u00f3n por la cual no se le puede exigir que soporte la carga del retardo en la administraci\u00f3n de justicia<\/u><\/strong>\u2026Por todo lo expuesto, consider\u00f3 que el plazo de duraci\u00f3n del proceso no pod\u00eda estimarse razonable.<\/p>\n","protected":false},"excerpt":{"rendered":"<p>Corte Suprema de Justicia de la Naci\u00f3n, abril, Jueves 20, a\u00f1o 2023. FRO 83000002\/2006\/TO1\/3\/RH2N\u00fa\u00f1ez, Oscar Alejandro s\/ falso testimonio. Ante el rechazo del planteo de insubsistencia de la acci\u00f3n penal por violaci\u00f3n al plazo razonable por haberse prolongado el proceso por m\u00e1s de diecisiete a\u00f1os, el tribunal oral conden\u00f3 al procesado a la pena de<\/p>\n","protected":false},"author":2,"featured_media":996,"comment_status":"open","ping_status":"open","sticky":false,"template":"","format":"standard","meta":{"_joinchat":[],"footnotes":""},"categories":[19],"tags":[2,93,36,4,37,98,5,6,7,99,38,100,8],"class_list":{"0":"post-995","1":"post","2":"type-post","3":"status-publish","4":"format-standard","5":"has-post-thumbnail","7":"category-pensamiento-penal","8":"tag-abogado","9":"tag-corte","10":"tag-estudio","11":"tag-juicio","12":"tag-juridico","13":"tag-juzgado","14":"tag-mendoza","15":"tag-penal","16":"tag-penalista","17":"tag-plazo","18":"tag-ramiro","19":"tag-suprema","20":"tag-villalba"},"yoast_head":"<!-- This site is optimized with the Yoast SEO Premium plugin v24.1 (Yoast SEO v27.3) - https:\/\/yoast.com\/product\/yoast-seo-premium-wordpress\/ -->\n<title>PLAZO RAZONABLE PARA SER JUZGADO - Ramiro Villalba - Abogado Penal Mendoza<\/title>\n<meta name=\"robots\" content=\"index, follow, max-snippet:-1, max-image-preview:large, max-video-preview:-1\" \/>\n<link rel=\"canonical\" href=\"https:\/\/abogadopenalenmendoza.com.ar\/abogado\/2023\/05\/07\/plazo-razonable-para-ser-juzgado\/\" \/>\n<meta property=\"og:locale\" content=\"es_ES\" \/>\n<meta property=\"og:type\" content=\"article\" \/>\n<meta property=\"og:title\" content=\"PLAZO RAZONABLE PARA SER JUZGADO\" \/>\n<meta property=\"og:description\" content=\"Corte Suprema de Justicia de la Naci\u00f3n, abril, Jueves 20, a\u00f1o 2023. FRO 83000002\/2006\/TO1\/3\/RH2N\u00fa\u00f1ez, Oscar Alejandro s\/ falso testimonio. Ante el rechazo del planteo de insubsistencia de la acci\u00f3n penal por violaci\u00f3n al plazo razonable por haberse prolongado el proceso por m\u00e1s de diecisiete a\u00f1os, el tribunal oral conden\u00f3 al procesado a la pena de\" \/>\n<meta property=\"og:url\" content=\"https:\/\/abogadopenalenmendoza.com.ar\/abogado\/2023\/05\/07\/plazo-razonable-para-ser-juzgado\/\" \/>\n<meta property=\"og:site_name\" content=\"Ramiro Villalba - Abogado Penal Mendoza\" \/>\n<meta property=\"article:published_time\" content=\"2023-05-07T20:29:31+00:00\" \/>\n<meta property=\"og:image\" content=\"https:\/\/abogadopenalenmendoza.com.ar\/abogado\/wp-content\/uploads\/2023\/05\/corte_suprema_justicia_nacion-1.png\" \/>\n\t<meta property=\"og:image:width\" content=\"800\" \/>\n\t<meta property=\"og:image:height\" content=\"531\" \/>\n\t<meta property=\"og:image:type\" content=\"image\/png\" \/>\n<meta name=\"author\" content=\"Abogado Ramiro Villalba\" \/>\n<meta name=\"twitter:card\" content=\"summary_large_image\" \/>\n<meta name=\"twitter:label1\" content=\"Escrito por\" \/>\n\t<meta name=\"twitter:data1\" content=\"Abogado Ramiro Villalba\" \/>\n\t<meta name=\"twitter:label2\" content=\"Tiempo de lectura\" \/>\n\t<meta name=\"twitter:data2\" content=\"2 minutos\" \/>\n<script type=\"application\/ld+json\" class=\"yoast-schema-graph\">{\"@context\":\"https:\\\/\\\/schema.org\",\"@graph\":[{\"@type\":\"Article\",\"@id\":\"https:\\\/\\\/abogadopenalenmendoza.com.ar\\\/abogado\\\/2023\\\/05\\\/07\\\/plazo-razonable-para-ser-juzgado\\\/#article\",\"isPartOf\":{\"@id\":\"https:\\\/\\\/abogadopenalenmendoza.com.ar\\\/abogado\\\/2023\\\/05\\\/07\\\/plazo-razonable-para-ser-juzgado\\\/\"},\"author\":{\"name\":\"Abogado Ramiro Villalba\",\"@id\":\"https:\\\/\\\/abogadopenalenmendoza.com.ar\\\/abogado\\\/#\\\/schema\\\/person\\\/2e1e8beb351c473cfd7a2f3a8abb2e3c\"},\"headline\":\"PLAZO RAZONABLE PARA SER JUZGADO\",\"datePublished\":\"2023-05-07T20:29:31+00:00\",\"mainEntityOfPage\":{\"@id\":\"https:\\\/\\\/abogadopenalenmendoza.com.ar\\\/abogado\\\/2023\\\/05\\\/07\\\/plazo-razonable-para-ser-juzgado\\\/\"},\"wordCount\":354,\"commentCount\":0,\"publisher\":{\"@id\":\"https:\\\/\\\/abogadopenalenmendoza.com.ar\\\/abogado\\\/#organization\"},\"image\":{\"@id\":\"https:\\\/\\\/abogadopenalenmendoza.com.ar\\\/abogado\\\/2023\\\/05\\\/07\\\/plazo-razonable-para-ser-juzgado\\\/#primaryimage\"},\"thumbnailUrl\":\"https:\\\/\\\/abogadopenalenmendoza.com.ar\\\/abogado\\\/wp-content\\\/uploads\\\/2023\\\/05\\\/corte_suprema_justicia_nacion-1.png\",\"keywords\":[\"abogado\",\"corte\",\"estudio\",\"juicio\",\"juridico\",\"juzgado\",\"mendoza\",\"penal\",\"penalista\",\"plazo\",\"ramiro\",\"suprema\",\"villalba\"],\"articleSection\":[\"Pensamiento Penal\"],\"inLanguage\":\"es-AR\"},{\"@type\":\"WebPage\",\"@id\":\"https:\\\/\\\/abogadopenalenmendoza.com.ar\\\/abogado\\\/2023\\\/05\\\/07\\\/plazo-razonable-para-ser-juzgado\\\/\",\"url\":\"https:\\\/\\\/abogadopenalenmendoza.com.ar\\\/abogado\\\/2023\\\/05\\\/07\\\/plazo-razonable-para-ser-juzgado\\\/\",\"name\":\"PLAZO RAZONABLE PARA SER JUZGADO - Ramiro Villalba - Abogado Penal Mendoza\",\"isPartOf\":{\"@id\":\"https:\\\/\\\/abogadopenalenmendoza.com.ar\\\/abogado\\\/#website\"},\"primaryImageOfPage\":{\"@id\":\"https:\\\/\\\/abogadopenalenmendoza.com.ar\\\/abogado\\\/2023\\\/05\\\/07\\\/plazo-razonable-para-ser-juzgado\\\/#primaryimage\"},\"image\":{\"@id\":\"https:\\\/\\\/abogadopenalenmendoza.com.ar\\\/abogado\\\/2023\\\/05\\\/07\\\/plazo-razonable-para-ser-juzgado\\\/#primaryimage\"},\"thumbnailUrl\":\"https:\\\/\\\/abogadopenalenmendoza.com.ar\\\/abogado\\\/wp-content\\\/uploads\\\/2023\\\/05\\\/corte_suprema_justicia_nacion-1.png\",\"datePublished\":\"2023-05-07T20:29:31+00:00\",\"breadcrumb\":{\"@id\":\"https:\\\/\\\/abogadopenalenmendoza.com.ar\\\/abogado\\\/2023\\\/05\\\/07\\\/plazo-razonable-para-ser-juzgado\\\/#breadcrumb\"},\"inLanguage\":\"es-AR\",\"potentialAction\":[{\"@type\":\"ReadAction\",\"target\":[\"https:\\\/\\\/abogadopenalenmendoza.com.ar\\\/abogado\\\/2023\\\/05\\\/07\\\/plazo-razonable-para-ser-juzgado\\\/\"]}]},{\"@type\":\"ImageObject\",\"inLanguage\":\"es-AR\",\"@id\":\"https:\\\/\\\/abogadopenalenmendoza.com.ar\\\/abogado\\\/2023\\\/05\\\/07\\\/plazo-razonable-para-ser-juzgado\\\/#primaryimage\",\"url\":\"https:\\\/\\\/abogadopenalenmendoza.com.ar\\\/abogado\\\/wp-content\\\/uploads\\\/2023\\\/05\\\/corte_suprema_justicia_nacion-1.png\",\"contentUrl\":\"https:\\\/\\\/abogadopenalenmendoza.com.ar\\\/abogado\\\/wp-content\\\/uploads\\\/2023\\\/05\\\/corte_suprema_justicia_nacion-1.png\",\"width\":800,\"height\":531},{\"@type\":\"BreadcrumbList\",\"@id\":\"https:\\\/\\\/abogadopenalenmendoza.com.ar\\\/abogado\\\/2023\\\/05\\\/07\\\/plazo-razonable-para-ser-juzgado\\\/#breadcrumb\",\"itemListElement\":[{\"@type\":\"ListItem\",\"position\":1,\"name\":\"Inicio\",\"item\":\"https:\\\/\\\/abogadopenalenmendoza.com.ar\\\/abogado\\\/\"},{\"@type\":\"ListItem\",\"position\":2,\"name\":\"PLAZO RAZONABLE PARA SER JUZGADO\"}]},{\"@type\":\"WebSite\",\"@id\":\"https:\\\/\\\/abogadopenalenmendoza.com.ar\\\/abogado\\\/#website\",\"url\":\"https:\\\/\\\/abogadopenalenmendoza.com.ar\\\/abogado\\\/\",\"name\":\"Ramiro Villalba - Abogado Penal Mendoza\",\"description\":\"\",\"publisher\":{\"@id\":\"https:\\\/\\\/abogadopenalenmendoza.com.ar\\\/abogado\\\/#organization\"},\"potentialAction\":[{\"@type\":\"SearchAction\",\"target\":{\"@type\":\"EntryPoint\",\"urlTemplate\":\"https:\\\/\\\/abogadopenalenmendoza.com.ar\\\/abogado\\\/?s={search_term_string}\"},\"query-input\":{\"@type\":\"PropertyValueSpecification\",\"valueRequired\":true,\"valueName\":\"search_term_string\"}}],\"inLanguage\":\"es-AR\"},{\"@type\":\"Organization\",\"@id\":\"https:\\\/\\\/abogadopenalenmendoza.com.ar\\\/abogado\\\/#organization\",\"name\":\"Ramiro Villalba - Abogado Penal Mendoza\",\"url\":\"https:\\\/\\\/abogadopenalenmendoza.com.ar\\\/abogado\\\/\",\"logo\":{\"@type\":\"ImageObject\",\"inLanguage\":\"es-AR\",\"@id\":\"https:\\\/\\\/abogadopenalenmendoza.com.ar\\\/abogado\\\/#\\\/schema\\\/logo\\\/image\\\/\",\"url\":\"http:\\\/\\\/abogadopenalenmendoza.com.ar\\\/abogado\\\/wp-content\\\/uploads\\\/2021\\\/08\\\/martillo-juicio.fw_-1.png\",\"contentUrl\":\"http:\\\/\\\/abogadopenalenmendoza.com.ar\\\/abogado\\\/wp-content\\\/uploads\\\/2021\\\/08\\\/martillo-juicio.fw_-1.png\",\"width\":630,\"height\":521,\"caption\":\"Ramiro Villalba - Abogado Penal Mendoza\"},\"image\":{\"@id\":\"https:\\\/\\\/abogadopenalenmendoza.com.ar\\\/abogado\\\/#\\\/schema\\\/logo\\\/image\\\/\"}},{\"@type\":\"Person\",\"@id\":\"https:\\\/\\\/abogadopenalenmendoza.com.ar\\\/abogado\\\/#\\\/schema\\\/person\\\/2e1e8beb351c473cfd7a2f3a8abb2e3c\",\"name\":\"Abogado Ramiro Villalba\",\"image\":{\"@type\":\"ImageObject\",\"inLanguage\":\"es-AR\",\"@id\":\"https:\\\/\\\/secure.gravatar.com\\\/avatar\\\/49eb8c708e5a312dcbd67ddc35142c3d17c759fcbe131568ba1a1771f89fe525?s=96&d=mm&r=g\",\"url\":\"https:\\\/\\\/secure.gravatar.com\\\/avatar\\\/49eb8c708e5a312dcbd67ddc35142c3d17c759fcbe131568ba1a1771f89fe525?s=96&d=mm&r=g\",\"contentUrl\":\"https:\\\/\\\/secure.gravatar.com\\\/avatar\\\/49eb8c708e5a312dcbd67ddc35142c3d17c759fcbe131568ba1a1771f89fe525?s=96&d=mm&r=g\",\"caption\":\"Abogado Ramiro Villalba\"},\"url\":\"https:\\\/\\\/abogadopenalenmendoza.com.ar\\\/abogado\\\/author\\\/abogado-ramiro-villalba\\\/\"}]}<\/script>\n<!-- \/ Yoast SEO Premium plugin. -->","yoast_head_json":{"title":"PLAZO RAZONABLE PARA SER JUZGADO - Ramiro Villalba - Abogado Penal Mendoza","robots":{"index":"index","follow":"follow","max-snippet":"max-snippet:-1","max-image-preview":"max-image-preview:large","max-video-preview":"max-video-preview:-1"},"canonical":"https:\/\/abogadopenalenmendoza.com.ar\/abogado\/2023\/05\/07\/plazo-razonable-para-ser-juzgado\/","og_locale":"es_ES","og_type":"article","og_title":"PLAZO RAZONABLE PARA SER JUZGADO","og_description":"Corte Suprema de Justicia de la Naci\u00f3n, abril, Jueves 20, a\u00f1o 2023. FRO 83000002\/2006\/TO1\/3\/RH2N\u00fa\u00f1ez, Oscar Alejandro s\/ falso testimonio. Ante el rechazo del planteo de insubsistencia de la acci\u00f3n penal por violaci\u00f3n al plazo razonable por haberse prolongado el proceso por m\u00e1s de diecisiete a\u00f1os, el tribunal oral conden\u00f3 al procesado a la pena de","og_url":"https:\/\/abogadopenalenmendoza.com.ar\/abogado\/2023\/05\/07\/plazo-razonable-para-ser-juzgado\/","og_site_name":"Ramiro Villalba - Abogado Penal Mendoza","article_published_time":"2023-05-07T20:29:31+00:00","og_image":[{"width":800,"height":531,"url":"https:\/\/abogadopenalenmendoza.com.ar\/abogado\/wp-content\/uploads\/2023\/05\/corte_suprema_justicia_nacion-1.png","type":"image\/png"}],"author":"Abogado Ramiro Villalba","twitter_card":"summary_large_image","twitter_misc":{"Escrito por":"Abogado Ramiro Villalba","Tiempo de lectura":"2 minutos"},"schema":{"@context":"https:\/\/schema.org","@graph":[{"@type":"Article","@id":"https:\/\/abogadopenalenmendoza.com.ar\/abogado\/2023\/05\/07\/plazo-razonable-para-ser-juzgado\/#article","isPartOf":{"@id":"https:\/\/abogadopenalenmendoza.com.ar\/abogado\/2023\/05\/07\/plazo-razonable-para-ser-juzgado\/"},"author":{"name":"Abogado Ramiro Villalba","@id":"https:\/\/abogadopenalenmendoza.com.ar\/abogado\/#\/schema\/person\/2e1e8beb351c473cfd7a2f3a8abb2e3c"},"headline":"PLAZO RAZONABLE PARA SER JUZGADO","datePublished":"2023-05-07T20:29:31+00:00","mainEntityOfPage":{"@id":"https:\/\/abogadopenalenmendoza.com.ar\/abogado\/2023\/05\/07\/plazo-razonable-para-ser-juzgado\/"},"wordCount":354,"commentCount":0,"publisher":{"@id":"https:\/\/abogadopenalenmendoza.com.ar\/abogado\/#organization"},"image":{"@id":"https:\/\/abogadopenalenmendoza.com.ar\/abogado\/2023\/05\/07\/plazo-razonable-para-ser-juzgado\/#primaryimage"},"thumbnailUrl":"https:\/\/abogadopenalenmendoza.com.ar\/abogado\/wp-content\/uploads\/2023\/05\/corte_suprema_justicia_nacion-1.png","keywords":["abogado","corte","estudio","juicio","juridico","juzgado","mendoza","penal","penalista","plazo","ramiro","suprema","villalba"],"articleSection":["Pensamiento Penal"],"inLanguage":"es-AR"},{"@type":"WebPage","@id":"https:\/\/abogadopenalenmendoza.com.ar\/abogado\/2023\/05\/07\/plazo-razonable-para-ser-juzgado\/","url":"https:\/\/abogadopenalenmendoza.com.ar\/abogado\/2023\/05\/07\/plazo-razonable-para-ser-juzgado\/","name":"PLAZO RAZONABLE PARA SER JUZGADO - Ramiro Villalba - Abogado Penal Mendoza","isPartOf":{"@id":"https:\/\/abogadopenalenmendoza.com.ar\/abogado\/#website"},"primaryImageOfPage":{"@id":"https:\/\/abogadopenalenmendoza.com.ar\/abogado\/2023\/05\/07\/plazo-razonable-para-ser-juzgado\/#primaryimage"},"image":{"@id":"https:\/\/abogadopenalenmendoza.com.ar\/abogado\/2023\/05\/07\/plazo-razonable-para-ser-juzgado\/#primaryimage"},"thumbnailUrl":"https:\/\/abogadopenalenmendoza.com.ar\/abogado\/wp-content\/uploads\/2023\/05\/corte_suprema_justicia_nacion-1.png","datePublished":"2023-05-07T20:29:31+00:00","breadcrumb":{"@id":"https:\/\/abogadopenalenmendoza.com.ar\/abogado\/2023\/05\/07\/plazo-razonable-para-ser-juzgado\/#breadcrumb"},"inLanguage":"es-AR","potentialAction":[{"@type":"ReadAction","target":["https:\/\/abogadopenalenmendoza.com.ar\/abogado\/2023\/05\/07\/plazo-razonable-para-ser-juzgado\/"]}]},{"@type":"ImageObject","inLanguage":"es-AR","@id":"https:\/\/abogadopenalenmendoza.com.ar\/abogado\/2023\/05\/07\/plazo-razonable-para-ser-juzgado\/#primaryimage","url":"https:\/\/abogadopenalenmendoza.com.ar\/abogado\/wp-content\/uploads\/2023\/05\/corte_suprema_justicia_nacion-1.png","contentUrl":"https:\/\/abogadopenalenmendoza.com.ar\/abogado\/wp-content\/uploads\/2023\/05\/corte_suprema_justicia_nacion-1.png","width":800,"height":531},{"@type":"BreadcrumbList","@id":"https:\/\/abogadopenalenmendoza.com.ar\/abogado\/2023\/05\/07\/plazo-razonable-para-ser-juzgado\/#breadcrumb","itemListElement":[{"@type":"ListItem","position":1,"name":"Inicio","item":"https:\/\/abogadopenalenmendoza.com.ar\/abogado\/"},{"@type":"ListItem","position":2,"name":"PLAZO RAZONABLE PARA SER JUZGADO"}]},{"@type":"WebSite","@id":"https:\/\/abogadopenalenmendoza.com.ar\/abogado\/#website","url":"https:\/\/abogadopenalenmendoza.com.ar\/abogado\/","name":"Ramiro Villalba - Abogado Penal Mendoza","description":"","publisher":{"@id":"https:\/\/abogadopenalenmendoza.com.ar\/abogado\/#organization"},"potentialAction":[{"@type":"SearchAction","target":{"@type":"EntryPoint","urlTemplate":"https:\/\/abogadopenalenmendoza.com.ar\/abogado\/?s={search_term_string}"},"query-input":{"@type":"PropertyValueSpecification","valueRequired":true,"valueName":"search_term_string"}}],"inLanguage":"es-AR"},{"@type":"Organization","@id":"https:\/\/abogadopenalenmendoza.com.ar\/abogado\/#organization","name":"Ramiro Villalba - Abogado Penal Mendoza","url":"https:\/\/abogadopenalenmendoza.com.ar\/abogado\/","logo":{"@type":"ImageObject","inLanguage":"es-AR","@id":"https:\/\/abogadopenalenmendoza.com.ar\/abogado\/#\/schema\/logo\/image\/","url":"http:\/\/abogadopenalenmendoza.com.ar\/abogado\/wp-content\/uploads\/2021\/08\/martillo-juicio.fw_-1.png","contentUrl":"http:\/\/abogadopenalenmendoza.com.ar\/abogado\/wp-content\/uploads\/2021\/08\/martillo-juicio.fw_-1.png","width":630,"height":521,"caption":"Ramiro Villalba - Abogado Penal Mendoza"},"image":{"@id":"https:\/\/abogadopenalenmendoza.com.ar\/abogado\/#\/schema\/logo\/image\/"}},{"@type":"Person","@id":"https:\/\/abogadopenalenmendoza.com.ar\/abogado\/#\/schema\/person\/2e1e8beb351c473cfd7a2f3a8abb2e3c","name":"Abogado Ramiro Villalba","image":{"@type":"ImageObject","inLanguage":"es-AR","@id":"https:\/\/secure.gravatar.com\/avatar\/49eb8c708e5a312dcbd67ddc35142c3d17c759fcbe131568ba1a1771f89fe525?s=96&d=mm&r=g","url":"https:\/\/secure.gravatar.com\/avatar\/49eb8c708e5a312dcbd67ddc35142c3d17c759fcbe131568ba1a1771f89fe525?s=96&d=mm&r=g","contentUrl":"https:\/\/secure.gravatar.com\/avatar\/49eb8c708e5a312dcbd67ddc35142c3d17c759fcbe131568ba1a1771f89fe525?s=96&d=mm&r=g","caption":"Abogado Ramiro Villalba"},"url":"https:\/\/abogadopenalenmendoza.com.ar\/abogado\/author\/abogado-ramiro-villalba\/"}]}},"_links":{"self":[{"href":"https:\/\/abogadopenalenmendoza.com.ar\/abogado\/wp-json\/wp\/v2\/posts\/995","targetHints":{"allow":["GET"]}}],"collection":[{"href":"https:\/\/abogadopenalenmendoza.com.ar\/abogado\/wp-json\/wp\/v2\/posts"}],"about":[{"href":"https:\/\/abogadopenalenmendoza.com.ar\/abogado\/wp-json\/wp\/v2\/types\/post"}],"author":[{"embeddable":true,"href":"https:\/\/abogadopenalenmendoza.com.ar\/abogado\/wp-json\/wp\/v2\/users\/2"}],"replies":[{"embeddable":true,"href":"https:\/\/abogadopenalenmendoza.com.ar\/abogado\/wp-json\/wp\/v2\/comments?post=995"}],"version-history":[{"count":0,"href":"https:\/\/abogadopenalenmendoza.com.ar\/abogado\/wp-json\/wp\/v2\/posts\/995\/revisions"}],"wp:featuredmedia":[{"embeddable":true,"href":"https:\/\/abogadopenalenmendoza.com.ar\/abogado\/wp-json\/wp\/v2\/media\/996"}],"wp:attachment":[{"href":"https:\/\/abogadopenalenmendoza.com.ar\/abogado\/wp-json\/wp\/v2\/media?parent=995"}],"wp:term":[{"taxonomy":"category","embeddable":true,"href":"https:\/\/abogadopenalenmendoza.com.ar\/abogado\/wp-json\/wp\/v2\/categories?post=995"},{"taxonomy":"post_tag","embeddable":true,"href":"https:\/\/abogadopenalenmendoza.com.ar\/abogado\/wp-json\/wp\/v2\/tags?post=995"}],"curies":[{"name":"wp","href":"https:\/\/api.w.org\/{rel}","templated":true}]}}