{"id":980,"date":"2023-03-20T12:11:01","date_gmt":"2023-03-20T15:11:01","guid":{"rendered":"https:\/\/abogadopenalenmendoza.com.ar\/abogado\/?p=980"},"modified":"2023-03-20T12:11:01","modified_gmt":"2023-03-20T15:11:01","slug":"cual-seria-la-perspectiva-de-genero-la-pregunta-se-nos-presenta-como-un-problema-y-no-como-una-evidencia","status":"publish","type":"post","link":"https:\/\/abogadopenalenmendoza.com.ar\/abogado\/2023\/03\/20\/cual-seria-la-perspectiva-de-genero-la-pregunta-se-nos-presenta-como-un-problema-y-no-como-una-evidencia\/","title":{"rendered":"\u00bfCu\u00e1l ser\u00eda la perspectiva de g\u00e9nero? LA PREGUNTA se nos presenta como un problema y no como una evidencia"},"content":{"rendered":"\n<p>Cecilia Varela, ICA-UBA\/CONICET \u2013 Catalina Trebisacce, IIEGE-UBA\/CONICET.<\/p>\n\n\n\n<p>\u201cPerspectiva de g\u00e9nero\u201d funcion\u00f3 de cerco restrictivo para la discusi\u00f3n y la evaluaci\u00f3n de los acontecimientos y, en definitiva, para el ejercicio de la defensa en juicio. Repensar el camino de esta transformaci\u00f3n de la justicia debe ser una tarea colectiva de los feminismos. El grado de abstracci\u00f3n lo vuelve un problema si se convierte en el \u00fanico dato que tiene la posibilidad de ser ponderado como tal.<\/p>\n\n\n\n<p>No podemos dictaminar sobre un hecho concreto, sobre las acciones llevadas adelante por sujetos concretos a partir de definiciones abstractas y proyecciones potenciales derivadas de ellas. Poder mirar los acontecimientos desde lentes feministas significa desandar un largo camino por el cual las mujeres eran (mal) juzgadas y (mal) tratadas en los tribunales en funci\u00f3n del cumplimiento o no de los mandatos de g\u00e9nero, de su reputaci\u00f3n sexual y las convenciones de sexualidad y g\u00e9nero m\u00e1s amplias. Ahora bien, tambi\u00e9n y como todo proceso transformador presenta momentos de desconcierto y tambi\u00e9n, por qu\u00e9 no,&nbsp;de&nbsp;desaciertos.<\/p>\n\n\n\n<p><a href=\"http:\/\/abogadopenalenmendoza.com.ar\/abogado\/wp-login.php?action=rp&amp;key=xCOJWadj0RtwPrnDNHue&amp;login=admin&amp;wp_lang=es_ES\">http:\/\/abogadopenalenmendoza.com.ar\/abogado\/wp-login.php?action=rp&amp;key=xCOJWadj0RtwPrnDNHue&amp;login=admin&amp;wp_lang=es_ES<\/a><\/p>\n","protected":false},"excerpt":{"rendered":"<p>Cecilia Varela, ICA-UBA\/CONICET \u2013 Catalina Trebisacce, IIEGE-UBA\/CONICET. \u201cPerspectiva de g\u00e9nero\u201d funcion\u00f3 de cerco restrictivo para la discusi\u00f3n y la evaluaci\u00f3n de los acontecimientos y, en definitiva, para el ejercicio de la defensa en juicio. Repensar el camino de esta transformaci\u00f3n de la justicia debe ser una tarea colectiva de los feminismos. El grado de abstracci\u00f3n<\/p>\n","protected":false},"author":2,"featured_media":981,"comment_status":"open","ping_status":"open","sticky":false,"template":"","format":"standard","meta":{"_joinchat":[],"footnotes":""},"categories":[17],"tags":[2,36,5,6,38,8],"class_list":{"0":"post-980","1":"post","2":"type-post","3":"status-publish","4":"format-standard","5":"has-post-thumbnail","7":"category-fallos","8":"tag-abogado","9":"tag-estudio","10":"tag-mendoza","11":"tag-penal","12":"tag-ramiro","13":"tag-villalba"},"yoast_head":"<!-- This site is optimized with the Yoast SEO Premium plugin v24.1 (Yoast SEO v27.3) - https:\/\/yoast.com\/product\/yoast-seo-premium-wordpress\/ -->\n<title>\u00bfCu\u00e1l ser\u00eda la perspectiva de g\u00e9nero? LA PREGUNTA se nos presenta como un problema y no como una evidencia - Ramiro Villalba - Abogado Penal Mendoza<\/title>\n<meta name=\"robots\" content=\"index, follow, max-snippet:-1, max-image-preview:large, max-video-preview:-1\" \/>\n<link rel=\"canonical\" href=\"https:\/\/abogadopenalenmendoza.com.ar\/abogado\/2023\/03\/20\/cual-seria-la-perspectiva-de-genero-la-pregunta-se-nos-presenta-como-un-problema-y-no-como-una-evidencia\/\" \/>\n<meta property=\"og:locale\" content=\"es_ES\" \/>\n<meta property=\"og:type\" content=\"article\" \/>\n<meta property=\"og:title\" content=\"\u00bfCu\u00e1l ser\u00eda la perspectiva de g\u00e9nero? LA PREGUNTA se nos presenta como un problema y no como una evidencia\" \/>\n<meta property=\"og:description\" content=\"Cecilia Varela, ICA-UBA\/CONICET \u2013 Catalina Trebisacce, IIEGE-UBA\/CONICET. \u201cPerspectiva de g\u00e9nero\u201d funcion\u00f3 de cerco restrictivo para la discusi\u00f3n y la evaluaci\u00f3n de los acontecimientos y, en definitiva, para el ejercicio de la defensa en juicio. Repensar el camino de esta transformaci\u00f3n de la justicia debe ser una tarea colectiva de los feminismos. El grado de abstracci\u00f3n\" \/>\n<meta property=\"og:url\" content=\"https:\/\/abogadopenalenmendoza.com.ar\/abogado\/2023\/03\/20\/cual-seria-la-perspectiva-de-genero-la-pregunta-se-nos-presenta-como-un-problema-y-no-como-una-evidencia\/\" \/>\n<meta property=\"og:site_name\" content=\"Ramiro Villalba - Abogado Penal Mendoza\" \/>\n<meta property=\"article:published_time\" content=\"2023-03-20T15:11:01+00:00\" \/>\n<meta property=\"og:image\" content=\"https:\/\/abogadopenalenmendoza.com.ar\/abogado\/wp-content\/uploads\/2023\/03\/lucia-678x335-1-1.png\" \/>\n\t<meta property=\"og:image:width\" content=\"678\" \/>\n\t<meta property=\"og:image:height\" content=\"335\" \/>\n\t<meta property=\"og:image:type\" content=\"image\/png\" \/>\n<meta name=\"author\" content=\"Abogado Ramiro Villalba\" \/>\n<meta name=\"twitter:card\" content=\"summary_large_image\" \/>\n<meta name=\"twitter:label1\" content=\"Escrito por\" \/>\n\t<meta name=\"twitter:data1\" content=\"Abogado Ramiro Villalba\" \/>\n\t<meta name=\"twitter:label2\" content=\"Tiempo de lectura\" \/>\n\t<meta name=\"twitter:data2\" content=\"1 minuto\" \/>\n<script type=\"application\/ld+json\" class=\"yoast-schema-graph\">{\"@context\":\"https:\\\/\\\/schema.org\",\"@graph\":[{\"@type\":\"Article\",\"@id\":\"https:\\\/\\\/abogadopenalenmendoza.com.ar\\\/abogado\\\/2023\\\/03\\\/20\\\/cual-seria-la-perspectiva-de-genero-la-pregunta-se-nos-presenta-como-un-problema-y-no-como-una-evidencia\\\/#article\",\"isPartOf\":{\"@id\":\"https:\\\/\\\/abogadopenalenmendoza.com.ar\\\/abogado\\\/2023\\\/03\\\/20\\\/cual-seria-la-perspectiva-de-genero-la-pregunta-se-nos-presenta-como-un-problema-y-no-como-una-evidencia\\\/\"},\"author\":{\"name\":\"Abogado Ramiro Villalba\",\"@id\":\"https:\\\/\\\/abogadopenalenmendoza.com.ar\\\/abogado\\\/#\\\/schema\\\/person\\\/2e1e8beb351c473cfd7a2f3a8abb2e3c\"},\"headline\":\"\u00bfCu\u00e1l ser\u00eda la perspectiva de g\u00e9nero? LA PREGUNTA se nos presenta como un problema y no como una evidencia\",\"datePublished\":\"2023-03-20T15:11:01+00:00\",\"mainEntityOfPage\":{\"@id\":\"https:\\\/\\\/abogadopenalenmendoza.com.ar\\\/abogado\\\/2023\\\/03\\\/20\\\/cual-seria-la-perspectiva-de-genero-la-pregunta-se-nos-presenta-como-un-problema-y-no-como-una-evidencia\\\/\"},\"wordCount\":228,\"commentCount\":0,\"publisher\":{\"@id\":\"https:\\\/\\\/abogadopenalenmendoza.com.ar\\\/abogado\\\/#organization\"},\"image\":{\"@id\":\"https:\\\/\\\/abogadopenalenmendoza.com.ar\\\/abogado\\\/2023\\\/03\\\/20\\\/cual-seria-la-perspectiva-de-genero-la-pregunta-se-nos-presenta-como-un-problema-y-no-como-una-evidencia\\\/#primaryimage\"},\"thumbnailUrl\":\"https:\\\/\\\/abogadopenalenmendoza.com.ar\\\/abogado\\\/wp-content\\\/uploads\\\/2023\\\/03\\\/lucia-678x335-1-1.png\",\"keywords\":[\"abogado\",\"estudio\",\"mendoza\",\"penal\",\"ramiro\",\"villalba\"],\"articleSection\":[\"Fallos\"],\"inLanguage\":\"es-AR\"},{\"@type\":\"WebPage\",\"@id\":\"https:\\\/\\\/abogadopenalenmendoza.com.ar\\\/abogado\\\/2023\\\/03\\\/20\\\/cual-seria-la-perspectiva-de-genero-la-pregunta-se-nos-presenta-como-un-problema-y-no-como-una-evidencia\\\/\",\"url\":\"https:\\\/\\\/abogadopenalenmendoza.com.ar\\\/abogado\\\/2023\\\/03\\\/20\\\/cual-seria-la-perspectiva-de-genero-la-pregunta-se-nos-presenta-como-un-problema-y-no-como-una-evidencia\\\/\",\"name\":\"\u00bfCu\u00e1l ser\u00eda la perspectiva de g\u00e9nero? LA PREGUNTA se nos presenta como un problema y no como una evidencia - Ramiro Villalba - Abogado Penal Mendoza\",\"isPartOf\":{\"@id\":\"https:\\\/\\\/abogadopenalenmendoza.com.ar\\\/abogado\\\/#website\"},\"primaryImageOfPage\":{\"@id\":\"https:\\\/\\\/abogadopenalenmendoza.com.ar\\\/abogado\\\/2023\\\/03\\\/20\\\/cual-seria-la-perspectiva-de-genero-la-pregunta-se-nos-presenta-como-un-problema-y-no-como-una-evidencia\\\/#primaryimage\"},\"image\":{\"@id\":\"https:\\\/\\\/abogadopenalenmendoza.com.ar\\\/abogado\\\/2023\\\/03\\\/20\\\/cual-seria-la-perspectiva-de-genero-la-pregunta-se-nos-presenta-como-un-problema-y-no-como-una-evidencia\\\/#primaryimage\"},\"thumbnailUrl\":\"https:\\\/\\\/abogadopenalenmendoza.com.ar\\\/abogado\\\/wp-content\\\/uploads\\\/2023\\\/03\\\/lucia-678x335-1-1.png\",\"datePublished\":\"2023-03-20T15:11:01+00:00\",\"breadcrumb\":{\"@id\":\"https:\\\/\\\/abogadopenalenmendoza.com.ar\\\/abogado\\\/2023\\\/03\\\/20\\\/cual-seria-la-perspectiva-de-genero-la-pregunta-se-nos-presenta-como-un-problema-y-no-como-una-evidencia\\\/#breadcrumb\"},\"inLanguage\":\"es-AR\",\"potentialAction\":[{\"@type\":\"ReadAction\",\"target\":[\"https:\\\/\\\/abogadopenalenmendoza.com.ar\\\/abogado\\\/2023\\\/03\\\/20\\\/cual-seria-la-perspectiva-de-genero-la-pregunta-se-nos-presenta-como-un-problema-y-no-como-una-evidencia\\\/\"]}]},{\"@type\":\"ImageObject\",\"inLanguage\":\"es-AR\",\"@id\":\"https:\\\/\\\/abogadopenalenmendoza.com.ar\\\/abogado\\\/2023\\\/03\\\/20\\\/cual-seria-la-perspectiva-de-genero-la-pregunta-se-nos-presenta-como-un-problema-y-no-como-una-evidencia\\\/#primaryimage\",\"url\":\"https:\\\/\\\/abogadopenalenmendoza.com.ar\\\/abogado\\\/wp-content\\\/uploads\\\/2023\\\/03\\\/lucia-678x335-1-1.png\",\"contentUrl\":\"https:\\\/\\\/abogadopenalenmendoza.com.ar\\\/abogado\\\/wp-content\\\/uploads\\\/2023\\\/03\\\/lucia-678x335-1-1.png\",\"width\":678,\"height\":335},{\"@type\":\"BreadcrumbList\",\"@id\":\"https:\\\/\\\/abogadopenalenmendoza.com.ar\\\/abogado\\\/2023\\\/03\\\/20\\\/cual-seria-la-perspectiva-de-genero-la-pregunta-se-nos-presenta-como-un-problema-y-no-como-una-evidencia\\\/#breadcrumb\",\"itemListElement\":[{\"@type\":\"ListItem\",\"position\":1,\"name\":\"Inicio\",\"item\":\"https:\\\/\\\/abogadopenalenmendoza.com.ar\\\/abogado\\\/\"},{\"@type\":\"ListItem\",\"position\":2,\"name\":\"\u00bfCu\u00e1l ser\u00eda la perspectiva de g\u00e9nero? LA PREGUNTA se nos presenta como un problema y no como una evidencia\"}]},{\"@type\":\"WebSite\",\"@id\":\"https:\\\/\\\/abogadopenalenmendoza.com.ar\\\/abogado\\\/#website\",\"url\":\"https:\\\/\\\/abogadopenalenmendoza.com.ar\\\/abogado\\\/\",\"name\":\"Ramiro Villalba - Abogado Penal Mendoza\",\"description\":\"\",\"publisher\":{\"@id\":\"https:\\\/\\\/abogadopenalenmendoza.com.ar\\\/abogado\\\/#organization\"},\"potentialAction\":[{\"@type\":\"SearchAction\",\"target\":{\"@type\":\"EntryPoint\",\"urlTemplate\":\"https:\\\/\\\/abogadopenalenmendoza.com.ar\\\/abogado\\\/?s={search_term_string}\"},\"query-input\":{\"@type\":\"PropertyValueSpecification\",\"valueRequired\":true,\"valueName\":\"search_term_string\"}}],\"inLanguage\":\"es-AR\"},{\"@type\":\"Organization\",\"@id\":\"https:\\\/\\\/abogadopenalenmendoza.com.ar\\\/abogado\\\/#organization\",\"name\":\"Ramiro Villalba - Abogado Penal Mendoza\",\"url\":\"https:\\\/\\\/abogadopenalenmendoza.com.ar\\\/abogado\\\/\",\"logo\":{\"@type\":\"ImageObject\",\"inLanguage\":\"es-AR\",\"@id\":\"https:\\\/\\\/abogadopenalenmendoza.com.ar\\\/abogado\\\/#\\\/schema\\\/logo\\\/image\\\/\",\"url\":\"http:\\\/\\\/abogadopenalenmendoza.com.ar\\\/abogado\\\/wp-content\\\/uploads\\\/2021\\\/08\\\/martillo-juicio.fw_-1.png\",\"contentUrl\":\"http:\\\/\\\/abogadopenalenmendoza.com.ar\\\/abogado\\\/wp-content\\\/uploads\\\/2021\\\/08\\\/martillo-juicio.fw_-1.png\",\"width\":630,\"height\":521,\"caption\":\"Ramiro Villalba - Abogado Penal Mendoza\"},\"image\":{\"@id\":\"https:\\\/\\\/abogadopenalenmendoza.com.ar\\\/abogado\\\/#\\\/schema\\\/logo\\\/image\\\/\"}},{\"@type\":\"Person\",\"@id\":\"https:\\\/\\\/abogadopenalenmendoza.com.ar\\\/abogado\\\/#\\\/schema\\\/person\\\/2e1e8beb351c473cfd7a2f3a8abb2e3c\",\"name\":\"Abogado Ramiro Villalba\",\"image\":{\"@type\":\"ImageObject\",\"inLanguage\":\"es-AR\",\"@id\":\"https:\\\/\\\/secure.gravatar.com\\\/avatar\\\/49eb8c708e5a312dcbd67ddc35142c3d17c759fcbe131568ba1a1771f89fe525?s=96&d=mm&r=g\",\"url\":\"https:\\\/\\\/secure.gravatar.com\\\/avatar\\\/49eb8c708e5a312dcbd67ddc35142c3d17c759fcbe131568ba1a1771f89fe525?s=96&d=mm&r=g\",\"contentUrl\":\"https:\\\/\\\/secure.gravatar.com\\\/avatar\\\/49eb8c708e5a312dcbd67ddc35142c3d17c759fcbe131568ba1a1771f89fe525?s=96&d=mm&r=g\",\"caption\":\"Abogado Ramiro Villalba\"},\"url\":\"https:\\\/\\\/abogadopenalenmendoza.com.ar\\\/abogado\\\/author\\\/abogado-ramiro-villalba\\\/\"}]}<\/script>\n<!-- \/ Yoast SEO Premium plugin. -->","yoast_head_json":{"title":"\u00bfCu\u00e1l ser\u00eda la perspectiva de g\u00e9nero? LA PREGUNTA se nos presenta como un problema y no como una evidencia - Ramiro Villalba - Abogado Penal Mendoza","robots":{"index":"index","follow":"follow","max-snippet":"max-snippet:-1","max-image-preview":"max-image-preview:large","max-video-preview":"max-video-preview:-1"},"canonical":"https:\/\/abogadopenalenmendoza.com.ar\/abogado\/2023\/03\/20\/cual-seria-la-perspectiva-de-genero-la-pregunta-se-nos-presenta-como-un-problema-y-no-como-una-evidencia\/","og_locale":"es_ES","og_type":"article","og_title":"\u00bfCu\u00e1l ser\u00eda la perspectiva de g\u00e9nero? LA PREGUNTA se nos presenta como un problema y no como una evidencia","og_description":"Cecilia Varela, ICA-UBA\/CONICET \u2013 Catalina Trebisacce, IIEGE-UBA\/CONICET. \u201cPerspectiva de g\u00e9nero\u201d funcion\u00f3 de cerco restrictivo para la discusi\u00f3n y la evaluaci\u00f3n de los acontecimientos y, en definitiva, para el ejercicio de la defensa en juicio. Repensar el camino de esta transformaci\u00f3n de la justicia debe ser una tarea colectiva de los feminismos. El grado de abstracci\u00f3n","og_url":"https:\/\/abogadopenalenmendoza.com.ar\/abogado\/2023\/03\/20\/cual-seria-la-perspectiva-de-genero-la-pregunta-se-nos-presenta-como-un-problema-y-no-como-una-evidencia\/","og_site_name":"Ramiro Villalba - Abogado Penal Mendoza","article_published_time":"2023-03-20T15:11:01+00:00","og_image":[{"width":678,"height":335,"url":"https:\/\/abogadopenalenmendoza.com.ar\/abogado\/wp-content\/uploads\/2023\/03\/lucia-678x335-1-1.png","type":"image\/png"}],"author":"Abogado Ramiro Villalba","twitter_card":"summary_large_image","twitter_misc":{"Escrito por":"Abogado Ramiro Villalba","Tiempo de lectura":"1 minuto"},"schema":{"@context":"https:\/\/schema.org","@graph":[{"@type":"Article","@id":"https:\/\/abogadopenalenmendoza.com.ar\/abogado\/2023\/03\/20\/cual-seria-la-perspectiva-de-genero-la-pregunta-se-nos-presenta-como-un-problema-y-no-como-una-evidencia\/#article","isPartOf":{"@id":"https:\/\/abogadopenalenmendoza.com.ar\/abogado\/2023\/03\/20\/cual-seria-la-perspectiva-de-genero-la-pregunta-se-nos-presenta-como-un-problema-y-no-como-una-evidencia\/"},"author":{"name":"Abogado Ramiro Villalba","@id":"https:\/\/abogadopenalenmendoza.com.ar\/abogado\/#\/schema\/person\/2e1e8beb351c473cfd7a2f3a8abb2e3c"},"headline":"\u00bfCu\u00e1l ser\u00eda la perspectiva de g\u00e9nero? LA PREGUNTA se nos presenta como un problema y no como una evidencia","datePublished":"2023-03-20T15:11:01+00:00","mainEntityOfPage":{"@id":"https:\/\/abogadopenalenmendoza.com.ar\/abogado\/2023\/03\/20\/cual-seria-la-perspectiva-de-genero-la-pregunta-se-nos-presenta-como-un-problema-y-no-como-una-evidencia\/"},"wordCount":228,"commentCount":0,"publisher":{"@id":"https:\/\/abogadopenalenmendoza.com.ar\/abogado\/#organization"},"image":{"@id":"https:\/\/abogadopenalenmendoza.com.ar\/abogado\/2023\/03\/20\/cual-seria-la-perspectiva-de-genero-la-pregunta-se-nos-presenta-como-un-problema-y-no-como-una-evidencia\/#primaryimage"},"thumbnailUrl":"https:\/\/abogadopenalenmendoza.com.ar\/abogado\/wp-content\/uploads\/2023\/03\/lucia-678x335-1-1.png","keywords":["abogado","estudio","mendoza","penal","ramiro","villalba"],"articleSection":["Fallos"],"inLanguage":"es-AR"},{"@type":"WebPage","@id":"https:\/\/abogadopenalenmendoza.com.ar\/abogado\/2023\/03\/20\/cual-seria-la-perspectiva-de-genero-la-pregunta-se-nos-presenta-como-un-problema-y-no-como-una-evidencia\/","url":"https:\/\/abogadopenalenmendoza.com.ar\/abogado\/2023\/03\/20\/cual-seria-la-perspectiva-de-genero-la-pregunta-se-nos-presenta-como-un-problema-y-no-como-una-evidencia\/","name":"\u00bfCu\u00e1l ser\u00eda la perspectiva de g\u00e9nero? LA PREGUNTA se nos presenta como un problema y no como una evidencia - Ramiro Villalba - Abogado Penal Mendoza","isPartOf":{"@id":"https:\/\/abogadopenalenmendoza.com.ar\/abogado\/#website"},"primaryImageOfPage":{"@id":"https:\/\/abogadopenalenmendoza.com.ar\/abogado\/2023\/03\/20\/cual-seria-la-perspectiva-de-genero-la-pregunta-se-nos-presenta-como-un-problema-y-no-como-una-evidencia\/#primaryimage"},"image":{"@id":"https:\/\/abogadopenalenmendoza.com.ar\/abogado\/2023\/03\/20\/cual-seria-la-perspectiva-de-genero-la-pregunta-se-nos-presenta-como-un-problema-y-no-como-una-evidencia\/#primaryimage"},"thumbnailUrl":"https:\/\/abogadopenalenmendoza.com.ar\/abogado\/wp-content\/uploads\/2023\/03\/lucia-678x335-1-1.png","datePublished":"2023-03-20T15:11:01+00:00","breadcrumb":{"@id":"https:\/\/abogadopenalenmendoza.com.ar\/abogado\/2023\/03\/20\/cual-seria-la-perspectiva-de-genero-la-pregunta-se-nos-presenta-como-un-problema-y-no-como-una-evidencia\/#breadcrumb"},"inLanguage":"es-AR","potentialAction":[{"@type":"ReadAction","target":["https:\/\/abogadopenalenmendoza.com.ar\/abogado\/2023\/03\/20\/cual-seria-la-perspectiva-de-genero-la-pregunta-se-nos-presenta-como-un-problema-y-no-como-una-evidencia\/"]}]},{"@type":"ImageObject","inLanguage":"es-AR","@id":"https:\/\/abogadopenalenmendoza.com.ar\/abogado\/2023\/03\/20\/cual-seria-la-perspectiva-de-genero-la-pregunta-se-nos-presenta-como-un-problema-y-no-como-una-evidencia\/#primaryimage","url":"https:\/\/abogadopenalenmendoza.com.ar\/abogado\/wp-content\/uploads\/2023\/03\/lucia-678x335-1-1.png","contentUrl":"https:\/\/abogadopenalenmendoza.com.ar\/abogado\/wp-content\/uploads\/2023\/03\/lucia-678x335-1-1.png","width":678,"height":335},{"@type":"BreadcrumbList","@id":"https:\/\/abogadopenalenmendoza.com.ar\/abogado\/2023\/03\/20\/cual-seria-la-perspectiva-de-genero-la-pregunta-se-nos-presenta-como-un-problema-y-no-como-una-evidencia\/#breadcrumb","itemListElement":[{"@type":"ListItem","position":1,"name":"Inicio","item":"https:\/\/abogadopenalenmendoza.com.ar\/abogado\/"},{"@type":"ListItem","position":2,"name":"\u00bfCu\u00e1l ser\u00eda la perspectiva de g\u00e9nero? LA PREGUNTA se nos presenta como un problema y no como una evidencia"}]},{"@type":"WebSite","@id":"https:\/\/abogadopenalenmendoza.com.ar\/abogado\/#website","url":"https:\/\/abogadopenalenmendoza.com.ar\/abogado\/","name":"Ramiro Villalba - Abogado Penal Mendoza","description":"","publisher":{"@id":"https:\/\/abogadopenalenmendoza.com.ar\/abogado\/#organization"},"potentialAction":[{"@type":"SearchAction","target":{"@type":"EntryPoint","urlTemplate":"https:\/\/abogadopenalenmendoza.com.ar\/abogado\/?s={search_term_string}"},"query-input":{"@type":"PropertyValueSpecification","valueRequired":true,"valueName":"search_term_string"}}],"inLanguage":"es-AR"},{"@type":"Organization","@id":"https:\/\/abogadopenalenmendoza.com.ar\/abogado\/#organization","name":"Ramiro Villalba - Abogado Penal Mendoza","url":"https:\/\/abogadopenalenmendoza.com.ar\/abogado\/","logo":{"@type":"ImageObject","inLanguage":"es-AR","@id":"https:\/\/abogadopenalenmendoza.com.ar\/abogado\/#\/schema\/logo\/image\/","url":"http:\/\/abogadopenalenmendoza.com.ar\/abogado\/wp-content\/uploads\/2021\/08\/martillo-juicio.fw_-1.png","contentUrl":"http:\/\/abogadopenalenmendoza.com.ar\/abogado\/wp-content\/uploads\/2021\/08\/martillo-juicio.fw_-1.png","width":630,"height":521,"caption":"Ramiro Villalba - Abogado Penal Mendoza"},"image":{"@id":"https:\/\/abogadopenalenmendoza.com.ar\/abogado\/#\/schema\/logo\/image\/"}},{"@type":"Person","@id":"https:\/\/abogadopenalenmendoza.com.ar\/abogado\/#\/schema\/person\/2e1e8beb351c473cfd7a2f3a8abb2e3c","name":"Abogado Ramiro Villalba","image":{"@type":"ImageObject","inLanguage":"es-AR","@id":"https:\/\/secure.gravatar.com\/avatar\/49eb8c708e5a312dcbd67ddc35142c3d17c759fcbe131568ba1a1771f89fe525?s=96&d=mm&r=g","url":"https:\/\/secure.gravatar.com\/avatar\/49eb8c708e5a312dcbd67ddc35142c3d17c759fcbe131568ba1a1771f89fe525?s=96&d=mm&r=g","contentUrl":"https:\/\/secure.gravatar.com\/avatar\/49eb8c708e5a312dcbd67ddc35142c3d17c759fcbe131568ba1a1771f89fe525?s=96&d=mm&r=g","caption":"Abogado Ramiro Villalba"},"url":"https:\/\/abogadopenalenmendoza.com.ar\/abogado\/author\/abogado-ramiro-villalba\/"}]}},"_links":{"self":[{"href":"https:\/\/abogadopenalenmendoza.com.ar\/abogado\/wp-json\/wp\/v2\/posts\/980","targetHints":{"allow":["GET"]}}],"collection":[{"href":"https:\/\/abogadopenalenmendoza.com.ar\/abogado\/wp-json\/wp\/v2\/posts"}],"about":[{"href":"https:\/\/abogadopenalenmendoza.com.ar\/abogado\/wp-json\/wp\/v2\/types\/post"}],"author":[{"embeddable":true,"href":"https:\/\/abogadopenalenmendoza.com.ar\/abogado\/wp-json\/wp\/v2\/users\/2"}],"replies":[{"embeddable":true,"href":"https:\/\/abogadopenalenmendoza.com.ar\/abogado\/wp-json\/wp\/v2\/comments?post=980"}],"version-history":[{"count":0,"href":"https:\/\/abogadopenalenmendoza.com.ar\/abogado\/wp-json\/wp\/v2\/posts\/980\/revisions"}],"wp:featuredmedia":[{"embeddable":true,"href":"https:\/\/abogadopenalenmendoza.com.ar\/abogado\/wp-json\/wp\/v2\/media\/981"}],"wp:attachment":[{"href":"https:\/\/abogadopenalenmendoza.com.ar\/abogado\/wp-json\/wp\/v2\/media?parent=980"}],"wp:term":[{"taxonomy":"category","embeddable":true,"href":"https:\/\/abogadopenalenmendoza.com.ar\/abogado\/wp-json\/wp\/v2\/categories?post=980"},{"taxonomy":"post_tag","embeddable":true,"href":"https:\/\/abogadopenalenmendoza.com.ar\/abogado\/wp-json\/wp\/v2\/tags?post=980"}],"curies":[{"name":"wp","href":"https:\/\/api.w.org\/{rel}","templated":true}]}}