{"id":923,"date":"2022-05-16T09:34:58","date_gmt":"2022-05-16T12:34:58","guid":{"rendered":"http:\/\/abogadopenalenmendoza.com.ar\/abogado\/?p=923"},"modified":"2022-05-16T09:34:58","modified_gmt":"2022-05-16T12:34:58","slug":"nuevo-paradigma-del-derecho-a-la-intimidad-ley-de-proteccion-de-datos","status":"publish","type":"post","link":"https:\/\/abogadopenalenmendoza.com.ar\/abogado\/2022\/05\/16\/nuevo-paradigma-del-derecho-a-la-intimidad-ley-de-proteccion-de-datos\/","title":{"rendered":"Nuevo paradigma del Derecho a la Intimidad. Ley de protecci\u00f3n de datos"},"content":{"rendered":"\n<p>La C\u00c1MARA DE APELACIONES de CABA, en lo Penal, Contravencional y Faltas, SALA I (INCIDENTE DE APELACI\u00d3N, SOBRE 149 BIS \u2010 AMENAZAS, N\u00famero: 81922\/2021\u20101 (CUIJ: J\u201001\u201000081922\u20107\/2021\u20101), con fecha 22 de marzo del 2022, confirma fallo de primera instancia que anul\u00f3 un pedido de informaci\u00f3n de las celdas de conexi\u00f3n de tel\u00e9fonos celulares y su geolocalizaci\u00f3n a trav\u00e9s de su impacto en las antenas, como as\u00ed tambi\u00e9n la informaci\u00f3n relativa a la tarjeta SUBE secuestrada.<\/p>\n\n\n\n<p>Para ello, tuvo en cuenta que el derecho a la intimidad no puede vulnerarse en este caso sin autorizaci\u00f3n judicial que controle la razonabilidad de su procedencia y duraci\u00f3n.<\/p>\n\n\n\n<p>As\u00ed, estim\u00f3 correcta la afirmaci\u00f3n de la Sra. Jueza a quo, en cuanto a que as\u00ed, se \u201cpermiten averiguar los h\u00e1bitos de un individuo, los lugares que habita, sus relaciones interpersonales, sus pasatiempos y dem\u00e1s cuestiones que merecen un tratamiento especial en relaci\u00f3n con el derecho a la intimidad y la privacidad\u201d. Y concluy\u00f3: \u201cla magnitud de la injerencia en la intimidad de personas concretas, determinadas en el caso, es inaceptable sin intervenci\u00f3n judicial que la autorice y la controle.\u201d<\/p>\n\n\n\n<p>Tuvo en cuenta, que, el seguimiento de la ubicaci\u00f3n f\u00edsica de personas a trav\u00e9s del impacto que, las llamadas o mensajes de su celular, producen en las torres de telefon\u00eda m\u00f3vil instaladas a lo largo del territorio\u2010, fue recientemente estudiado por la Corte Federal de uno de los pa\u00edses de mayor desarrollo tecnol\u00f3gico en el precedente \u201cCarpenter v. United States\u201d (22\/06\/2018), en el que se concluy\u00f3 que \u201c\u2026es necesaria una orden judicial de registro para obtener datos de una compa\u00f1\u00eda telef\u00f3nica con el prop\u00f3sito de rastrear el lugar donde ha estado el usuario\u2026porque un tel\u00e9fono va donde sea que vaya su due\u00f1o, transmitiendo al operador inal\u00e1mbrico no solo los d\u00edgitos marcados, sino un registro detallado y completo de los movimientos de la persona. As\u00ed cuando se usa el celular para llamadas o mensajes de texto, el aparato las dirige a una torre de antena cercana para conectarse con la red telef\u00f3nica. A medida que el usuario viaja, la llamada se transfiere a las torres sucesivas. En ese caso las compa\u00f1\u00edas de tel\u00e9fonos celulares llevan un registro de los n\u00fameros de tel\u00e9fono enrutados a trav\u00e9s de cada torre para clasificar cargos como roaming. Al mapear qu\u00e9 torres fueron utilizadas por un n\u00famero de tel\u00e9fono determinado, la polic\u00eda puede reconstruir el paradero de una persona durante d\u00edas, semanas o meses (as\u00ed) los datos son detallados, enciclop\u00e9dicos y compilados sin esfuerzo, utilizados en el seguimiento de una persona por torres de telefon\u00eda celular muy similares a los del rastreo del Sistema de Posicionamiento Global (GPS)\u201d.<\/p>\n\n\n\n<p>Tuvo especial consideraci\u00f3n la Suprema Corte de los Estados Unidos que en el caso de la informaci\u00f3n que produce la utilizaci\u00f3n de telefon\u00eda celular se deposita \u201cen manos de un tercero\u201d (es decir la empresa prestataria del servicio de telefon\u00eda celular), respecto a los cuales se tiene una razonable expectativa de privacidad.<\/p>\n\n\n\n<p>En definitiva, por los motivos expuestos, el tribunal argentino, concluy\u00f3 que, en atenci\u00f3n a la entidad de los derechos por los que se debe velar, la fiscal\u00eda debi\u00f3 haber solicitado autorizaci\u00f3n judicial para la obtenci\u00f3n de Informaci\u00f3n vinculada a celdas de conexi\u00f3n de tel\u00e9fonos celulares, su geolocalizaci\u00f3n a trav\u00e9s del impacto en antenas de se\u00f1al. Y con relaci\u00f3n al registro de los viajes en transporte p\u00fablico que, en determinada franja horaria que tuvieron inicio en una estaci\u00f3n determinada, en raz\u00f3n de las particularidades que presenta el caso de autos ya se\u00f1aladas, tambi\u00e9n debe ser alcanzado por la nulidad.<\/p>\n\n\n\n<p>De esta manera, se impone el respeto de las garant\u00edas constitucionales vinculadas a la expectativa y protecci\u00f3n de privacidad consagradas en los arts. 18 y 19 de la CN y de la Ley 25.326 de \u201cProtecci\u00f3n de los datos personales\u201d.<\/p>\n\n\n\n<p>Cabe mencionar que la Jueza de primera instancia parti\u00f3 de que los datos relativos a las celdas de conexi\u00f3n, geolocalizaci\u00f3n e impacto de antenas de las diferentes l\u00edneas telef\u00f3nicas, como as\u00ed tambi\u00e9n los datos registrados por el Sistema SUBE constituyen, \u201cinformaci\u00f3n personal almacenada\u201d y, en consecuencia, su obtenci\u00f3n s\u00f3lo puede ser ordenada por el\/la juez\/a competente.<\/p>\n\n\n\n<p>El tel\u00e9fono celular como la tarjeta SUBE, resultan ser elementos que la ciudadan\u00eda porta consigo cotidianamente y los datos que permiten almacenar a las empresas privadas, prestatarias de los servicios p\u00fablicos esenciales, reflejan el comportamiento de sus usuarios; dan cuenta de su itinerario, donde estuvo, y permiten proyectar donde estar\u00e1n. En definitiva, permiten averiguar los h\u00e1bitos de un individuo, los lugares que habita, sus relaciones interpersonales, sus pasatiempos y dem\u00e1s cuestiones que merecen un tratamiento especial en relaci\u00f3n con el derecho a la intimidad y la privacidad.<\/p>\n","protected":false},"excerpt":{"rendered":"<p>La C\u00c1MARA DE APELACIONES de CABA, en lo Penal, Contravencional y Faltas, SALA I (INCIDENTE DE APELACI\u00d3N, SOBRE 149 BIS \u2010 AMENAZAS, N\u00famero: 81922\/2021\u20101 (CUIJ: J\u201001\u201000081922\u20107\/2021\u20101), con fecha 22 de marzo del 2022, confirma fallo de primera instancia que anul\u00f3 un pedido de informaci\u00f3n de las celdas de conexi\u00f3n de tel\u00e9fonos celulares y su geolocalizaci\u00f3n<\/p>\n","protected":false},"author":2,"featured_media":924,"comment_status":"open","ping_status":"open","sticky":false,"template":"","format":"standard","meta":{"_joinchat":[],"footnotes":""},"categories":[17,1],"tags":[87,88,89,90],"class_list":{"0":"post-923","1":"post","2":"type-post","3":"status-publish","4":"format-standard","5":"has-post-thumbnail","7":"category-fallos","8":"category-sin-categoria","9":"tag-celular","10":"tag-intimidad","11":"tag-privacidad","12":"tag-telefonica"},"yoast_head":"<!-- This site is optimized with the Yoast SEO Premium plugin v24.1 (Yoast SEO v27.3) - https:\/\/yoast.com\/product\/yoast-seo-premium-wordpress\/ -->\n<title>Nuevo paradigma del Derecho a la Intimidad. Ley de protecci\u00f3n de datos - Ramiro Villalba - Abogado Penal Mendoza<\/title>\n<meta name=\"robots\" content=\"index, follow, max-snippet:-1, max-image-preview:large, max-video-preview:-1\" \/>\n<link rel=\"canonical\" href=\"https:\/\/abogadopenalenmendoza.com.ar\/abogado\/2022\/05\/16\/nuevo-paradigma-del-derecho-a-la-intimidad-ley-de-proteccion-de-datos\/\" \/>\n<meta property=\"og:locale\" content=\"es_ES\" \/>\n<meta property=\"og:type\" content=\"article\" \/>\n<meta property=\"og:title\" content=\"Nuevo paradigma del Derecho a la Intimidad. Ley de protecci\u00f3n de datos\" \/>\n<meta property=\"og:description\" content=\"La C\u00c1MARA DE APELACIONES de CABA, en lo Penal, Contravencional y Faltas, SALA I (INCIDENTE DE APELACI\u00d3N, SOBRE 149 BIS \u2010 AMENAZAS, N\u00famero: 81922\/2021\u20101 (CUIJ: J\u201001\u201000081922\u20107\/2021\u20101), con fecha 22 de marzo del 2022, confirma fallo de primera instancia que anul\u00f3 un pedido de informaci\u00f3n de las celdas de conexi\u00f3n de tel\u00e9fonos celulares y su geolocalizaci\u00f3n\" \/>\n<meta property=\"og:url\" content=\"https:\/\/abogadopenalenmendoza.com.ar\/abogado\/2022\/05\/16\/nuevo-paradigma-del-derecho-a-la-intimidad-ley-de-proteccion-de-datos\/\" \/>\n<meta property=\"og:site_name\" content=\"Ramiro Villalba - Abogado Penal Mendoza\" \/>\n<meta property=\"article:published_time\" content=\"2022-05-16T12:34:58+00:00\" \/>\n<meta property=\"og:image\" content=\"https:\/\/abogadopenalenmendoza.com.ar\/abogado\/wp-content\/uploads\/2022\/05\/Desbloquear-un-celular-portada-2.jpg\" \/>\n\t<meta property=\"og:image:width\" content=\"800\" \/>\n\t<meta property=\"og:image:height\" content=\"533\" \/>\n\t<meta property=\"og:image:type\" content=\"image\/jpeg\" \/>\n<meta name=\"author\" content=\"Abogado Ramiro Villalba\" \/>\n<meta name=\"twitter:card\" content=\"summary_large_image\" \/>\n<meta name=\"twitter:label1\" content=\"Escrito por\" \/>\n\t<meta name=\"twitter:data1\" content=\"Abogado Ramiro Villalba\" \/>\n\t<meta name=\"twitter:label2\" content=\"Tiempo de lectura\" \/>\n\t<meta name=\"twitter:data2\" content=\"4 minutos\" \/>\n<script type=\"application\/ld+json\" class=\"yoast-schema-graph\">{\"@context\":\"https:\\\/\\\/schema.org\",\"@graph\":[{\"@type\":\"Article\",\"@id\":\"https:\\\/\\\/abogadopenalenmendoza.com.ar\\\/abogado\\\/2022\\\/05\\\/16\\\/nuevo-paradigma-del-derecho-a-la-intimidad-ley-de-proteccion-de-datos\\\/#article\",\"isPartOf\":{\"@id\":\"https:\\\/\\\/abogadopenalenmendoza.com.ar\\\/abogado\\\/2022\\\/05\\\/16\\\/nuevo-paradigma-del-derecho-a-la-intimidad-ley-de-proteccion-de-datos\\\/\"},\"author\":{\"name\":\"Abogado Ramiro Villalba\",\"@id\":\"https:\\\/\\\/abogadopenalenmendoza.com.ar\\\/abogado\\\/#\\\/schema\\\/person\\\/2e1e8beb351c473cfd7a2f3a8abb2e3c\"},\"headline\":\"Nuevo paradigma del Derecho a la Intimidad. Ley de protecci\u00f3n de datos\",\"datePublished\":\"2022-05-16T12:34:58+00:00\",\"mainEntityOfPage\":{\"@id\":\"https:\\\/\\\/abogadopenalenmendoza.com.ar\\\/abogado\\\/2022\\\/05\\\/16\\\/nuevo-paradigma-del-derecho-a-la-intimidad-ley-de-proteccion-de-datos\\\/\"},\"wordCount\":857,\"commentCount\":0,\"publisher\":{\"@id\":\"https:\\\/\\\/abogadopenalenmendoza.com.ar\\\/abogado\\\/#organization\"},\"image\":{\"@id\":\"https:\\\/\\\/abogadopenalenmendoza.com.ar\\\/abogado\\\/2022\\\/05\\\/16\\\/nuevo-paradigma-del-derecho-a-la-intimidad-ley-de-proteccion-de-datos\\\/#primaryimage\"},\"thumbnailUrl\":\"https:\\\/\\\/abogadopenalenmendoza.com.ar\\\/abogado\\\/wp-content\\\/uploads\\\/2022\\\/05\\\/Desbloquear-un-celular-portada-2.jpg\",\"keywords\":[\"celular\",\"intimidad\",\"privacidad\",\"telefonica\"],\"articleSection\":[\"Fallos\"],\"inLanguage\":\"es-AR\"},{\"@type\":\"WebPage\",\"@id\":\"https:\\\/\\\/abogadopenalenmendoza.com.ar\\\/abogado\\\/2022\\\/05\\\/16\\\/nuevo-paradigma-del-derecho-a-la-intimidad-ley-de-proteccion-de-datos\\\/\",\"url\":\"https:\\\/\\\/abogadopenalenmendoza.com.ar\\\/abogado\\\/2022\\\/05\\\/16\\\/nuevo-paradigma-del-derecho-a-la-intimidad-ley-de-proteccion-de-datos\\\/\",\"name\":\"Nuevo paradigma del Derecho a la Intimidad. Ley de protecci\u00f3n de datos - Ramiro Villalba - Abogado Penal Mendoza\",\"isPartOf\":{\"@id\":\"https:\\\/\\\/abogadopenalenmendoza.com.ar\\\/abogado\\\/#website\"},\"primaryImageOfPage\":{\"@id\":\"https:\\\/\\\/abogadopenalenmendoza.com.ar\\\/abogado\\\/2022\\\/05\\\/16\\\/nuevo-paradigma-del-derecho-a-la-intimidad-ley-de-proteccion-de-datos\\\/#primaryimage\"},\"image\":{\"@id\":\"https:\\\/\\\/abogadopenalenmendoza.com.ar\\\/abogado\\\/2022\\\/05\\\/16\\\/nuevo-paradigma-del-derecho-a-la-intimidad-ley-de-proteccion-de-datos\\\/#primaryimage\"},\"thumbnailUrl\":\"https:\\\/\\\/abogadopenalenmendoza.com.ar\\\/abogado\\\/wp-content\\\/uploads\\\/2022\\\/05\\\/Desbloquear-un-celular-portada-2.jpg\",\"datePublished\":\"2022-05-16T12:34:58+00:00\",\"breadcrumb\":{\"@id\":\"https:\\\/\\\/abogadopenalenmendoza.com.ar\\\/abogado\\\/2022\\\/05\\\/16\\\/nuevo-paradigma-del-derecho-a-la-intimidad-ley-de-proteccion-de-datos\\\/#breadcrumb\"},\"inLanguage\":\"es-AR\",\"potentialAction\":[{\"@type\":\"ReadAction\",\"target\":[\"https:\\\/\\\/abogadopenalenmendoza.com.ar\\\/abogado\\\/2022\\\/05\\\/16\\\/nuevo-paradigma-del-derecho-a-la-intimidad-ley-de-proteccion-de-datos\\\/\"]}]},{\"@type\":\"ImageObject\",\"inLanguage\":\"es-AR\",\"@id\":\"https:\\\/\\\/abogadopenalenmendoza.com.ar\\\/abogado\\\/2022\\\/05\\\/16\\\/nuevo-paradigma-del-derecho-a-la-intimidad-ley-de-proteccion-de-datos\\\/#primaryimage\",\"url\":\"https:\\\/\\\/abogadopenalenmendoza.com.ar\\\/abogado\\\/wp-content\\\/uploads\\\/2022\\\/05\\\/Desbloquear-un-celular-portada-2.jpg\",\"contentUrl\":\"https:\\\/\\\/abogadopenalenmendoza.com.ar\\\/abogado\\\/wp-content\\\/uploads\\\/2022\\\/05\\\/Desbloquear-un-celular-portada-2.jpg\",\"width\":800,\"height\":533},{\"@type\":\"BreadcrumbList\",\"@id\":\"https:\\\/\\\/abogadopenalenmendoza.com.ar\\\/abogado\\\/2022\\\/05\\\/16\\\/nuevo-paradigma-del-derecho-a-la-intimidad-ley-de-proteccion-de-datos\\\/#breadcrumb\",\"itemListElement\":[{\"@type\":\"ListItem\",\"position\":1,\"name\":\"Inicio\",\"item\":\"https:\\\/\\\/abogadopenalenmendoza.com.ar\\\/abogado\\\/\"},{\"@type\":\"ListItem\",\"position\":2,\"name\":\"Nuevo paradigma del Derecho a la Intimidad. Ley de protecci\u00f3n de datos\"}]},{\"@type\":\"WebSite\",\"@id\":\"https:\\\/\\\/abogadopenalenmendoza.com.ar\\\/abogado\\\/#website\",\"url\":\"https:\\\/\\\/abogadopenalenmendoza.com.ar\\\/abogado\\\/\",\"name\":\"Ramiro Villalba - Abogado Penal Mendoza\",\"description\":\"\",\"publisher\":{\"@id\":\"https:\\\/\\\/abogadopenalenmendoza.com.ar\\\/abogado\\\/#organization\"},\"potentialAction\":[{\"@type\":\"SearchAction\",\"target\":{\"@type\":\"EntryPoint\",\"urlTemplate\":\"https:\\\/\\\/abogadopenalenmendoza.com.ar\\\/abogado\\\/?s={search_term_string}\"},\"query-input\":{\"@type\":\"PropertyValueSpecification\",\"valueRequired\":true,\"valueName\":\"search_term_string\"}}],\"inLanguage\":\"es-AR\"},{\"@type\":\"Organization\",\"@id\":\"https:\\\/\\\/abogadopenalenmendoza.com.ar\\\/abogado\\\/#organization\",\"name\":\"Ramiro Villalba - Abogado Penal Mendoza\",\"url\":\"https:\\\/\\\/abogadopenalenmendoza.com.ar\\\/abogado\\\/\",\"logo\":{\"@type\":\"ImageObject\",\"inLanguage\":\"es-AR\",\"@id\":\"https:\\\/\\\/abogadopenalenmendoza.com.ar\\\/abogado\\\/#\\\/schema\\\/logo\\\/image\\\/\",\"url\":\"http:\\\/\\\/abogadopenalenmendoza.com.ar\\\/abogado\\\/wp-content\\\/uploads\\\/2021\\\/08\\\/martillo-juicio.fw_-1.png\",\"contentUrl\":\"http:\\\/\\\/abogadopenalenmendoza.com.ar\\\/abogado\\\/wp-content\\\/uploads\\\/2021\\\/08\\\/martillo-juicio.fw_-1.png\",\"width\":630,\"height\":521,\"caption\":\"Ramiro Villalba - Abogado Penal Mendoza\"},\"image\":{\"@id\":\"https:\\\/\\\/abogadopenalenmendoza.com.ar\\\/abogado\\\/#\\\/schema\\\/logo\\\/image\\\/\"}},{\"@type\":\"Person\",\"@id\":\"https:\\\/\\\/abogadopenalenmendoza.com.ar\\\/abogado\\\/#\\\/schema\\\/person\\\/2e1e8beb351c473cfd7a2f3a8abb2e3c\",\"name\":\"Abogado Ramiro Villalba\",\"image\":{\"@type\":\"ImageObject\",\"inLanguage\":\"es-AR\",\"@id\":\"https:\\\/\\\/secure.gravatar.com\\\/avatar\\\/49eb8c708e5a312dcbd67ddc35142c3d17c759fcbe131568ba1a1771f89fe525?s=96&d=mm&r=g\",\"url\":\"https:\\\/\\\/secure.gravatar.com\\\/avatar\\\/49eb8c708e5a312dcbd67ddc35142c3d17c759fcbe131568ba1a1771f89fe525?s=96&d=mm&r=g\",\"contentUrl\":\"https:\\\/\\\/secure.gravatar.com\\\/avatar\\\/49eb8c708e5a312dcbd67ddc35142c3d17c759fcbe131568ba1a1771f89fe525?s=96&d=mm&r=g\",\"caption\":\"Abogado Ramiro Villalba\"},\"url\":\"https:\\\/\\\/abogadopenalenmendoza.com.ar\\\/abogado\\\/author\\\/abogado-ramiro-villalba\\\/\"}]}<\/script>\n<!-- \/ Yoast SEO Premium plugin. -->","yoast_head_json":{"title":"Nuevo paradigma del Derecho a la Intimidad. Ley de protecci\u00f3n de datos - Ramiro Villalba - Abogado Penal Mendoza","robots":{"index":"index","follow":"follow","max-snippet":"max-snippet:-1","max-image-preview":"max-image-preview:large","max-video-preview":"max-video-preview:-1"},"canonical":"https:\/\/abogadopenalenmendoza.com.ar\/abogado\/2022\/05\/16\/nuevo-paradigma-del-derecho-a-la-intimidad-ley-de-proteccion-de-datos\/","og_locale":"es_ES","og_type":"article","og_title":"Nuevo paradigma del Derecho a la Intimidad. Ley de protecci\u00f3n de datos","og_description":"La C\u00c1MARA DE APELACIONES de CABA, en lo Penal, Contravencional y Faltas, SALA I (INCIDENTE DE APELACI\u00d3N, SOBRE 149 BIS \u2010 AMENAZAS, N\u00famero: 81922\/2021\u20101 (CUIJ: J\u201001\u201000081922\u20107\/2021\u20101), con fecha 22 de marzo del 2022, confirma fallo de primera instancia que anul\u00f3 un pedido de informaci\u00f3n de las celdas de conexi\u00f3n de tel\u00e9fonos celulares y su geolocalizaci\u00f3n","og_url":"https:\/\/abogadopenalenmendoza.com.ar\/abogado\/2022\/05\/16\/nuevo-paradigma-del-derecho-a-la-intimidad-ley-de-proteccion-de-datos\/","og_site_name":"Ramiro Villalba - Abogado Penal Mendoza","article_published_time":"2022-05-16T12:34:58+00:00","og_image":[{"width":800,"height":533,"url":"https:\/\/abogadopenalenmendoza.com.ar\/abogado\/wp-content\/uploads\/2022\/05\/Desbloquear-un-celular-portada-2.jpg","type":"image\/jpeg"}],"author":"Abogado Ramiro Villalba","twitter_card":"summary_large_image","twitter_misc":{"Escrito por":"Abogado Ramiro Villalba","Tiempo de lectura":"4 minutos"},"schema":{"@context":"https:\/\/schema.org","@graph":[{"@type":"Article","@id":"https:\/\/abogadopenalenmendoza.com.ar\/abogado\/2022\/05\/16\/nuevo-paradigma-del-derecho-a-la-intimidad-ley-de-proteccion-de-datos\/#article","isPartOf":{"@id":"https:\/\/abogadopenalenmendoza.com.ar\/abogado\/2022\/05\/16\/nuevo-paradigma-del-derecho-a-la-intimidad-ley-de-proteccion-de-datos\/"},"author":{"name":"Abogado Ramiro Villalba","@id":"https:\/\/abogadopenalenmendoza.com.ar\/abogado\/#\/schema\/person\/2e1e8beb351c473cfd7a2f3a8abb2e3c"},"headline":"Nuevo paradigma del Derecho a la Intimidad. Ley de protecci\u00f3n de datos","datePublished":"2022-05-16T12:34:58+00:00","mainEntityOfPage":{"@id":"https:\/\/abogadopenalenmendoza.com.ar\/abogado\/2022\/05\/16\/nuevo-paradigma-del-derecho-a-la-intimidad-ley-de-proteccion-de-datos\/"},"wordCount":857,"commentCount":0,"publisher":{"@id":"https:\/\/abogadopenalenmendoza.com.ar\/abogado\/#organization"},"image":{"@id":"https:\/\/abogadopenalenmendoza.com.ar\/abogado\/2022\/05\/16\/nuevo-paradigma-del-derecho-a-la-intimidad-ley-de-proteccion-de-datos\/#primaryimage"},"thumbnailUrl":"https:\/\/abogadopenalenmendoza.com.ar\/abogado\/wp-content\/uploads\/2022\/05\/Desbloquear-un-celular-portada-2.jpg","keywords":["celular","intimidad","privacidad","telefonica"],"articleSection":["Fallos"],"inLanguage":"es-AR"},{"@type":"WebPage","@id":"https:\/\/abogadopenalenmendoza.com.ar\/abogado\/2022\/05\/16\/nuevo-paradigma-del-derecho-a-la-intimidad-ley-de-proteccion-de-datos\/","url":"https:\/\/abogadopenalenmendoza.com.ar\/abogado\/2022\/05\/16\/nuevo-paradigma-del-derecho-a-la-intimidad-ley-de-proteccion-de-datos\/","name":"Nuevo paradigma del Derecho a la Intimidad. Ley de protecci\u00f3n de datos - Ramiro Villalba - Abogado Penal Mendoza","isPartOf":{"@id":"https:\/\/abogadopenalenmendoza.com.ar\/abogado\/#website"},"primaryImageOfPage":{"@id":"https:\/\/abogadopenalenmendoza.com.ar\/abogado\/2022\/05\/16\/nuevo-paradigma-del-derecho-a-la-intimidad-ley-de-proteccion-de-datos\/#primaryimage"},"image":{"@id":"https:\/\/abogadopenalenmendoza.com.ar\/abogado\/2022\/05\/16\/nuevo-paradigma-del-derecho-a-la-intimidad-ley-de-proteccion-de-datos\/#primaryimage"},"thumbnailUrl":"https:\/\/abogadopenalenmendoza.com.ar\/abogado\/wp-content\/uploads\/2022\/05\/Desbloquear-un-celular-portada-2.jpg","datePublished":"2022-05-16T12:34:58+00:00","breadcrumb":{"@id":"https:\/\/abogadopenalenmendoza.com.ar\/abogado\/2022\/05\/16\/nuevo-paradigma-del-derecho-a-la-intimidad-ley-de-proteccion-de-datos\/#breadcrumb"},"inLanguage":"es-AR","potentialAction":[{"@type":"ReadAction","target":["https:\/\/abogadopenalenmendoza.com.ar\/abogado\/2022\/05\/16\/nuevo-paradigma-del-derecho-a-la-intimidad-ley-de-proteccion-de-datos\/"]}]},{"@type":"ImageObject","inLanguage":"es-AR","@id":"https:\/\/abogadopenalenmendoza.com.ar\/abogado\/2022\/05\/16\/nuevo-paradigma-del-derecho-a-la-intimidad-ley-de-proteccion-de-datos\/#primaryimage","url":"https:\/\/abogadopenalenmendoza.com.ar\/abogado\/wp-content\/uploads\/2022\/05\/Desbloquear-un-celular-portada-2.jpg","contentUrl":"https:\/\/abogadopenalenmendoza.com.ar\/abogado\/wp-content\/uploads\/2022\/05\/Desbloquear-un-celular-portada-2.jpg","width":800,"height":533},{"@type":"BreadcrumbList","@id":"https:\/\/abogadopenalenmendoza.com.ar\/abogado\/2022\/05\/16\/nuevo-paradigma-del-derecho-a-la-intimidad-ley-de-proteccion-de-datos\/#breadcrumb","itemListElement":[{"@type":"ListItem","position":1,"name":"Inicio","item":"https:\/\/abogadopenalenmendoza.com.ar\/abogado\/"},{"@type":"ListItem","position":2,"name":"Nuevo paradigma del Derecho a la Intimidad. Ley de protecci\u00f3n de datos"}]},{"@type":"WebSite","@id":"https:\/\/abogadopenalenmendoza.com.ar\/abogado\/#website","url":"https:\/\/abogadopenalenmendoza.com.ar\/abogado\/","name":"Ramiro Villalba - Abogado Penal Mendoza","description":"","publisher":{"@id":"https:\/\/abogadopenalenmendoza.com.ar\/abogado\/#organization"},"potentialAction":[{"@type":"SearchAction","target":{"@type":"EntryPoint","urlTemplate":"https:\/\/abogadopenalenmendoza.com.ar\/abogado\/?s={search_term_string}"},"query-input":{"@type":"PropertyValueSpecification","valueRequired":true,"valueName":"search_term_string"}}],"inLanguage":"es-AR"},{"@type":"Organization","@id":"https:\/\/abogadopenalenmendoza.com.ar\/abogado\/#organization","name":"Ramiro Villalba - Abogado Penal Mendoza","url":"https:\/\/abogadopenalenmendoza.com.ar\/abogado\/","logo":{"@type":"ImageObject","inLanguage":"es-AR","@id":"https:\/\/abogadopenalenmendoza.com.ar\/abogado\/#\/schema\/logo\/image\/","url":"http:\/\/abogadopenalenmendoza.com.ar\/abogado\/wp-content\/uploads\/2021\/08\/martillo-juicio.fw_-1.png","contentUrl":"http:\/\/abogadopenalenmendoza.com.ar\/abogado\/wp-content\/uploads\/2021\/08\/martillo-juicio.fw_-1.png","width":630,"height":521,"caption":"Ramiro Villalba - Abogado Penal Mendoza"},"image":{"@id":"https:\/\/abogadopenalenmendoza.com.ar\/abogado\/#\/schema\/logo\/image\/"}},{"@type":"Person","@id":"https:\/\/abogadopenalenmendoza.com.ar\/abogado\/#\/schema\/person\/2e1e8beb351c473cfd7a2f3a8abb2e3c","name":"Abogado Ramiro Villalba","image":{"@type":"ImageObject","inLanguage":"es-AR","@id":"https:\/\/secure.gravatar.com\/avatar\/49eb8c708e5a312dcbd67ddc35142c3d17c759fcbe131568ba1a1771f89fe525?s=96&d=mm&r=g","url":"https:\/\/secure.gravatar.com\/avatar\/49eb8c708e5a312dcbd67ddc35142c3d17c759fcbe131568ba1a1771f89fe525?s=96&d=mm&r=g","contentUrl":"https:\/\/secure.gravatar.com\/avatar\/49eb8c708e5a312dcbd67ddc35142c3d17c759fcbe131568ba1a1771f89fe525?s=96&d=mm&r=g","caption":"Abogado Ramiro Villalba"},"url":"https:\/\/abogadopenalenmendoza.com.ar\/abogado\/author\/abogado-ramiro-villalba\/"}]}},"_links":{"self":[{"href":"https:\/\/abogadopenalenmendoza.com.ar\/abogado\/wp-json\/wp\/v2\/posts\/923","targetHints":{"allow":["GET"]}}],"collection":[{"href":"https:\/\/abogadopenalenmendoza.com.ar\/abogado\/wp-json\/wp\/v2\/posts"}],"about":[{"href":"https:\/\/abogadopenalenmendoza.com.ar\/abogado\/wp-json\/wp\/v2\/types\/post"}],"author":[{"embeddable":true,"href":"https:\/\/abogadopenalenmendoza.com.ar\/abogado\/wp-json\/wp\/v2\/users\/2"}],"replies":[{"embeddable":true,"href":"https:\/\/abogadopenalenmendoza.com.ar\/abogado\/wp-json\/wp\/v2\/comments?post=923"}],"version-history":[{"count":0,"href":"https:\/\/abogadopenalenmendoza.com.ar\/abogado\/wp-json\/wp\/v2\/posts\/923\/revisions"}],"wp:featuredmedia":[{"embeddable":true,"href":"https:\/\/abogadopenalenmendoza.com.ar\/abogado\/wp-json\/wp\/v2\/media\/924"}],"wp:attachment":[{"href":"https:\/\/abogadopenalenmendoza.com.ar\/abogado\/wp-json\/wp\/v2\/media?parent=923"}],"wp:term":[{"taxonomy":"category","embeddable":true,"href":"https:\/\/abogadopenalenmendoza.com.ar\/abogado\/wp-json\/wp\/v2\/categories?post=923"},{"taxonomy":"post_tag","embeddable":true,"href":"https:\/\/abogadopenalenmendoza.com.ar\/abogado\/wp-json\/wp\/v2\/tags?post=923"}],"curies":[{"name":"wp","href":"https:\/\/api.w.org\/{rel}","templated":true}]}}