{"id":741,"date":"2021-05-26T08:58:18","date_gmt":"2021-05-26T11:58:18","guid":{"rendered":"http:\/\/abogadopenalenmendoza.com.ar\/abogado\/?p=741"},"modified":"2021-05-26T08:58:18","modified_gmt":"2021-05-26T11:58:18","slug":"cuando-la-policia-puede-requisarme-o-registrar-mi-vehiculo","status":"publish","type":"post","link":"https:\/\/abogadopenalenmendoza.com.ar\/abogado\/2021\/05\/26\/cuando-la-policia-puede-requisarme-o-registrar-mi-vehiculo\/","title":{"rendered":"\u00bfCu\u00e1ndo la polic\u00eda puede requisarme, o, registrar m\u00ed veh\u00edculo?"},"content":{"rendered":"\n<p>Excelente respuesta de la C\u00e1mara Federal de Casaci\u00f3n Penal (Sala I). Fecha de la resoluci\u00f3n: 08 &#8211; Mar \u2013 2021. \u201c\u2026requisito indispensable- la existencia de previos indicios objetivamente acreditados, que razonablemente autoricen a inferir que una persona oculta en su cuerpo, en las pertenencias que lleva consigo o en el veh\u00edculo en el que se traslada, objetos o cosas directamente relacionadas con un delito\u2026 si al agente de prevenci\u00f3n determinadas conductas de una persona humana le generaron un estado de sospecha es necesario que las describa\u2026Luego de ello, son los jueces quienes tienen que determinar si las circunstancias alegadas por el agente objetivamente pod\u00edan generar en su \u00e1nimo un estado de sospecha.\u201d<\/p>\n\n\n\n<p>En el caso concreto: \u201c\u2026observar un veh\u00edculo estacionado a orillas del r\u00edo no autorizan -de manera aislada- a identificar y requisar a una persona, ya que el \u00e1mbito de intimidad s\u00f3lo cede frente a circunstancias que de manera previa o concomitante, y de modo razonable y objetivo, justifiquen una intromisi\u00f3n estatal\u2026\u201d.<\/p>\n\n\n\n<p>COMPARTO FALLO PUBLICADO EN PENSAMIENTO PENAL\u00a0<\/p>\n\n\n\n<p><a href=\"http:\/\/www.pensamientopenal.com.ar\/system\/files\/2021\/04\/fallos89017.pdf\" target=\"_blank\" rel=\"noreferrer noopener\">http:\/\/www.pensamientopenal.com.ar\/system\/files\/2021\/04\/fallos89017.pdf<\/a><\/p>\n","protected":false},"excerpt":{"rendered":"<p>Excelente respuesta de la C\u00e1mara Federal de Casaci\u00f3n Penal (Sala I). Fecha de la resoluci\u00f3n: 08 &#8211; Mar \u2013 2021. \u201c\u2026requisito indispensable- la existencia de previos indicios objetivamente acreditados, que razonablemente autoricen a inferir que una persona oculta en su cuerpo, en las pertenencias que lleva consigo o en el veh\u00edculo en el que se<\/p>\n","protected":false},"author":2,"featured_media":735,"comment_status":"closed","ping_status":"closed","sticky":false,"template":"","format":"standard","meta":{"_joinchat":[],"footnotes":""},"categories":[19],"tags":[2,36,37,5,6],"class_list":{"0":"post-741","1":"post","2":"type-post","3":"status-publish","4":"format-standard","5":"has-post-thumbnail","7":"category-pensamiento-penal","8":"tag-abogado","9":"tag-estudio","10":"tag-juridico","11":"tag-mendoza","12":"tag-penal"},"yoast_head":"<!-- This site is optimized with the Yoast SEO Premium plugin v24.1 (Yoast SEO v27.3) - https:\/\/yoast.com\/product\/yoast-seo-premium-wordpress\/ -->\n<title>\u00bfCu\u00e1ndo la polic\u00eda puede requisarme, o, registrar m\u00ed veh\u00edculo? - Ramiro Villalba - Abogado Penal Mendoza<\/title>\n<meta name=\"robots\" content=\"index, follow, max-snippet:-1, max-image-preview:large, max-video-preview:-1\" \/>\n<link rel=\"canonical\" href=\"https:\/\/abogadopenalenmendoza.com.ar\/abogado\/2021\/05\/26\/cuando-la-policia-puede-requisarme-o-registrar-mi-vehiculo\/\" \/>\n<meta property=\"og:locale\" content=\"es_ES\" \/>\n<meta property=\"og:type\" content=\"article\" \/>\n<meta property=\"og:title\" content=\"\u00bfCu\u00e1ndo la polic\u00eda puede requisarme, o, registrar m\u00ed veh\u00edculo?\" \/>\n<meta property=\"og:description\" content=\"Excelente respuesta de la C\u00e1mara Federal de Casaci\u00f3n Penal (Sala I). Fecha de la resoluci\u00f3n: 08 &#8211; Mar \u2013 2021. \u201c\u2026requisito indispensable- la existencia de previos indicios objetivamente acreditados, que razonablemente autoricen a inferir que una persona oculta en su cuerpo, en las pertenencias que lleva consigo o en el veh\u00edculo en el que se\" \/>\n<meta property=\"og:url\" content=\"https:\/\/abogadopenalenmendoza.com.ar\/abogado\/2021\/05\/26\/cuando-la-policia-puede-requisarme-o-registrar-mi-vehiculo\/\" \/>\n<meta property=\"og:site_name\" content=\"Ramiro Villalba - Abogado Penal Mendoza\" \/>\n<meta property=\"article:published_time\" content=\"2021-05-26T11:58:18+00:00\" \/>\n<meta property=\"og:image\" content=\"https:\/\/abogadopenalenmendoza.com.ar\/abogado\/wp-content\/uploads\/2021\/05\/foto-perfil-3.fw_-1.png\" \/>\n\t<meta property=\"og:image:width\" content=\"780\" \/>\n\t<meta property=\"og:image:height\" content=\"1040\" \/>\n\t<meta property=\"og:image:type\" content=\"image\/png\" \/>\n<meta name=\"author\" content=\"Abogado Ramiro Villalba\" \/>\n<meta name=\"twitter:card\" content=\"summary_large_image\" \/>\n<meta name=\"twitter:label1\" content=\"Escrito por\" \/>\n\t<meta name=\"twitter:data1\" content=\"Abogado Ramiro Villalba\" \/>\n\t<meta name=\"twitter:label2\" content=\"Tiempo de lectura\" \/>\n\t<meta name=\"twitter:data2\" content=\"1 minuto\" \/>\n<script type=\"application\/ld+json\" class=\"yoast-schema-graph\">{\"@context\":\"https:\\\/\\\/schema.org\",\"@graph\":[{\"@type\":\"Article\",\"@id\":\"https:\\\/\\\/abogadopenalenmendoza.com.ar\\\/abogado\\\/2021\\\/05\\\/26\\\/cuando-la-policia-puede-requisarme-o-registrar-mi-vehiculo\\\/#article\",\"isPartOf\":{\"@id\":\"https:\\\/\\\/abogadopenalenmendoza.com.ar\\\/abogado\\\/2021\\\/05\\\/26\\\/cuando-la-policia-puede-requisarme-o-registrar-mi-vehiculo\\\/\"},\"author\":{\"name\":\"Abogado Ramiro Villalba\",\"@id\":\"https:\\\/\\\/abogadopenalenmendoza.com.ar\\\/abogado\\\/#\\\/schema\\\/person\\\/2e1e8beb351c473cfd7a2f3a8abb2e3c\"},\"headline\":\"\u00bfCu\u00e1ndo la polic\u00eda puede requisarme, o, registrar m\u00ed veh\u00edculo?\",\"datePublished\":\"2021-05-26T11:58:18+00:00\",\"mainEntityOfPage\":{\"@id\":\"https:\\\/\\\/abogadopenalenmendoza.com.ar\\\/abogado\\\/2021\\\/05\\\/26\\\/cuando-la-policia-puede-requisarme-o-registrar-mi-vehiculo\\\/\"},\"wordCount\":198,\"publisher\":{\"@id\":\"https:\\\/\\\/abogadopenalenmendoza.com.ar\\\/abogado\\\/#organization\"},\"image\":{\"@id\":\"https:\\\/\\\/abogadopenalenmendoza.com.ar\\\/abogado\\\/2021\\\/05\\\/26\\\/cuando-la-policia-puede-requisarme-o-registrar-mi-vehiculo\\\/#primaryimage\"},\"thumbnailUrl\":\"https:\\\/\\\/abogadopenalenmendoza.com.ar\\\/abogado\\\/wp-content\\\/uploads\\\/2021\\\/05\\\/foto-perfil-3.fw_-1.png\",\"keywords\":[\"abogado\",\"estudio\",\"juridico\",\"mendoza\",\"penal\"],\"articleSection\":[\"Pensamiento Penal\"],\"inLanguage\":\"es-AR\"},{\"@type\":\"WebPage\",\"@id\":\"https:\\\/\\\/abogadopenalenmendoza.com.ar\\\/abogado\\\/2021\\\/05\\\/26\\\/cuando-la-policia-puede-requisarme-o-registrar-mi-vehiculo\\\/\",\"url\":\"https:\\\/\\\/abogadopenalenmendoza.com.ar\\\/abogado\\\/2021\\\/05\\\/26\\\/cuando-la-policia-puede-requisarme-o-registrar-mi-vehiculo\\\/\",\"name\":\"\u00bfCu\u00e1ndo la polic\u00eda puede requisarme, o, registrar m\u00ed veh\u00edculo? - Ramiro Villalba - Abogado Penal Mendoza\",\"isPartOf\":{\"@id\":\"https:\\\/\\\/abogadopenalenmendoza.com.ar\\\/abogado\\\/#website\"},\"primaryImageOfPage\":{\"@id\":\"https:\\\/\\\/abogadopenalenmendoza.com.ar\\\/abogado\\\/2021\\\/05\\\/26\\\/cuando-la-policia-puede-requisarme-o-registrar-mi-vehiculo\\\/#primaryimage\"},\"image\":{\"@id\":\"https:\\\/\\\/abogadopenalenmendoza.com.ar\\\/abogado\\\/2021\\\/05\\\/26\\\/cuando-la-policia-puede-requisarme-o-registrar-mi-vehiculo\\\/#primaryimage\"},\"thumbnailUrl\":\"https:\\\/\\\/abogadopenalenmendoza.com.ar\\\/abogado\\\/wp-content\\\/uploads\\\/2021\\\/05\\\/foto-perfil-3.fw_-1.png\",\"datePublished\":\"2021-05-26T11:58:18+00:00\",\"breadcrumb\":{\"@id\":\"https:\\\/\\\/abogadopenalenmendoza.com.ar\\\/abogado\\\/2021\\\/05\\\/26\\\/cuando-la-policia-puede-requisarme-o-registrar-mi-vehiculo\\\/#breadcrumb\"},\"inLanguage\":\"es-AR\",\"potentialAction\":[{\"@type\":\"ReadAction\",\"target\":[\"https:\\\/\\\/abogadopenalenmendoza.com.ar\\\/abogado\\\/2021\\\/05\\\/26\\\/cuando-la-policia-puede-requisarme-o-registrar-mi-vehiculo\\\/\"]}]},{\"@type\":\"ImageObject\",\"inLanguage\":\"es-AR\",\"@id\":\"https:\\\/\\\/abogadopenalenmendoza.com.ar\\\/abogado\\\/2021\\\/05\\\/26\\\/cuando-la-policia-puede-requisarme-o-registrar-mi-vehiculo\\\/#primaryimage\",\"url\":\"https:\\\/\\\/abogadopenalenmendoza.com.ar\\\/abogado\\\/wp-content\\\/uploads\\\/2021\\\/05\\\/foto-perfil-3.fw_-1.png\",\"contentUrl\":\"https:\\\/\\\/abogadopenalenmendoza.com.ar\\\/abogado\\\/wp-content\\\/uploads\\\/2021\\\/05\\\/foto-perfil-3.fw_-1.png\",\"width\":780,\"height\":1040,\"caption\":\"Abogado Penal Ramiro Villalba\"},{\"@type\":\"BreadcrumbList\",\"@id\":\"https:\\\/\\\/abogadopenalenmendoza.com.ar\\\/abogado\\\/2021\\\/05\\\/26\\\/cuando-la-policia-puede-requisarme-o-registrar-mi-vehiculo\\\/#breadcrumb\",\"itemListElement\":[{\"@type\":\"ListItem\",\"position\":1,\"name\":\"Inicio\",\"item\":\"https:\\\/\\\/abogadopenalenmendoza.com.ar\\\/abogado\\\/\"},{\"@type\":\"ListItem\",\"position\":2,\"name\":\"\u00bfCu\u00e1ndo la polic\u00eda puede requisarme, o, registrar m\u00ed veh\u00edculo?\"}]},{\"@type\":\"WebSite\",\"@id\":\"https:\\\/\\\/abogadopenalenmendoza.com.ar\\\/abogado\\\/#website\",\"url\":\"https:\\\/\\\/abogadopenalenmendoza.com.ar\\\/abogado\\\/\",\"name\":\"Ramiro Villalba - Abogado Penal Mendoza\",\"description\":\"\",\"publisher\":{\"@id\":\"https:\\\/\\\/abogadopenalenmendoza.com.ar\\\/abogado\\\/#organization\"},\"potentialAction\":[{\"@type\":\"SearchAction\",\"target\":{\"@type\":\"EntryPoint\",\"urlTemplate\":\"https:\\\/\\\/abogadopenalenmendoza.com.ar\\\/abogado\\\/?s={search_term_string}\"},\"query-input\":{\"@type\":\"PropertyValueSpecification\",\"valueRequired\":true,\"valueName\":\"search_term_string\"}}],\"inLanguage\":\"es-AR\"},{\"@type\":\"Organization\",\"@id\":\"https:\\\/\\\/abogadopenalenmendoza.com.ar\\\/abogado\\\/#organization\",\"name\":\"Ramiro Villalba - Abogado Penal Mendoza\",\"url\":\"https:\\\/\\\/abogadopenalenmendoza.com.ar\\\/abogado\\\/\",\"logo\":{\"@type\":\"ImageObject\",\"inLanguage\":\"es-AR\",\"@id\":\"https:\\\/\\\/abogadopenalenmendoza.com.ar\\\/abogado\\\/#\\\/schema\\\/logo\\\/image\\\/\",\"url\":\"http:\\\/\\\/abogadopenalenmendoza.com.ar\\\/abogado\\\/wp-content\\\/uploads\\\/2021\\\/08\\\/martillo-juicio.fw_-1.png\",\"contentUrl\":\"http:\\\/\\\/abogadopenalenmendoza.com.ar\\\/abogado\\\/wp-content\\\/uploads\\\/2021\\\/08\\\/martillo-juicio.fw_-1.png\",\"width\":630,\"height\":521,\"caption\":\"Ramiro Villalba - Abogado Penal Mendoza\"},\"image\":{\"@id\":\"https:\\\/\\\/abogadopenalenmendoza.com.ar\\\/abogado\\\/#\\\/schema\\\/logo\\\/image\\\/\"}},{\"@type\":\"Person\",\"@id\":\"https:\\\/\\\/abogadopenalenmendoza.com.ar\\\/abogado\\\/#\\\/schema\\\/person\\\/2e1e8beb351c473cfd7a2f3a8abb2e3c\",\"name\":\"Abogado Ramiro Villalba\",\"image\":{\"@type\":\"ImageObject\",\"inLanguage\":\"es-AR\",\"@id\":\"https:\\\/\\\/secure.gravatar.com\\\/avatar\\\/49eb8c708e5a312dcbd67ddc35142c3d17c759fcbe131568ba1a1771f89fe525?s=96&d=mm&r=g\",\"url\":\"https:\\\/\\\/secure.gravatar.com\\\/avatar\\\/49eb8c708e5a312dcbd67ddc35142c3d17c759fcbe131568ba1a1771f89fe525?s=96&d=mm&r=g\",\"contentUrl\":\"https:\\\/\\\/secure.gravatar.com\\\/avatar\\\/49eb8c708e5a312dcbd67ddc35142c3d17c759fcbe131568ba1a1771f89fe525?s=96&d=mm&r=g\",\"caption\":\"Abogado Ramiro Villalba\"},\"url\":\"https:\\\/\\\/abogadopenalenmendoza.com.ar\\\/abogado\\\/author\\\/abogado-ramiro-villalba\\\/\"}]}<\/script>\n<!-- \/ Yoast SEO Premium plugin. -->","yoast_head_json":{"title":"\u00bfCu\u00e1ndo la polic\u00eda puede requisarme, o, registrar m\u00ed veh\u00edculo? - Ramiro Villalba - Abogado Penal Mendoza","robots":{"index":"index","follow":"follow","max-snippet":"max-snippet:-1","max-image-preview":"max-image-preview:large","max-video-preview":"max-video-preview:-1"},"canonical":"https:\/\/abogadopenalenmendoza.com.ar\/abogado\/2021\/05\/26\/cuando-la-policia-puede-requisarme-o-registrar-mi-vehiculo\/","og_locale":"es_ES","og_type":"article","og_title":"\u00bfCu\u00e1ndo la polic\u00eda puede requisarme, o, registrar m\u00ed veh\u00edculo?","og_description":"Excelente respuesta de la C\u00e1mara Federal de Casaci\u00f3n Penal (Sala I). Fecha de la resoluci\u00f3n: 08 &#8211; Mar \u2013 2021. \u201c\u2026requisito indispensable- la existencia de previos indicios objetivamente acreditados, que razonablemente autoricen a inferir que una persona oculta en su cuerpo, en las pertenencias que lleva consigo o en el veh\u00edculo en el que se","og_url":"https:\/\/abogadopenalenmendoza.com.ar\/abogado\/2021\/05\/26\/cuando-la-policia-puede-requisarme-o-registrar-mi-vehiculo\/","og_site_name":"Ramiro Villalba - Abogado Penal Mendoza","article_published_time":"2021-05-26T11:58:18+00:00","og_image":[{"width":780,"height":1040,"url":"https:\/\/abogadopenalenmendoza.com.ar\/abogado\/wp-content\/uploads\/2021\/05\/foto-perfil-3.fw_-1.png","type":"image\/png"}],"author":"Abogado Ramiro Villalba","twitter_card":"summary_large_image","twitter_misc":{"Escrito por":"Abogado Ramiro Villalba","Tiempo de lectura":"1 minuto"},"schema":{"@context":"https:\/\/schema.org","@graph":[{"@type":"Article","@id":"https:\/\/abogadopenalenmendoza.com.ar\/abogado\/2021\/05\/26\/cuando-la-policia-puede-requisarme-o-registrar-mi-vehiculo\/#article","isPartOf":{"@id":"https:\/\/abogadopenalenmendoza.com.ar\/abogado\/2021\/05\/26\/cuando-la-policia-puede-requisarme-o-registrar-mi-vehiculo\/"},"author":{"name":"Abogado Ramiro Villalba","@id":"https:\/\/abogadopenalenmendoza.com.ar\/abogado\/#\/schema\/person\/2e1e8beb351c473cfd7a2f3a8abb2e3c"},"headline":"\u00bfCu\u00e1ndo la polic\u00eda puede requisarme, o, registrar m\u00ed veh\u00edculo?","datePublished":"2021-05-26T11:58:18+00:00","mainEntityOfPage":{"@id":"https:\/\/abogadopenalenmendoza.com.ar\/abogado\/2021\/05\/26\/cuando-la-policia-puede-requisarme-o-registrar-mi-vehiculo\/"},"wordCount":198,"publisher":{"@id":"https:\/\/abogadopenalenmendoza.com.ar\/abogado\/#organization"},"image":{"@id":"https:\/\/abogadopenalenmendoza.com.ar\/abogado\/2021\/05\/26\/cuando-la-policia-puede-requisarme-o-registrar-mi-vehiculo\/#primaryimage"},"thumbnailUrl":"https:\/\/abogadopenalenmendoza.com.ar\/abogado\/wp-content\/uploads\/2021\/05\/foto-perfil-3.fw_-1.png","keywords":["abogado","estudio","juridico","mendoza","penal"],"articleSection":["Pensamiento Penal"],"inLanguage":"es-AR"},{"@type":"WebPage","@id":"https:\/\/abogadopenalenmendoza.com.ar\/abogado\/2021\/05\/26\/cuando-la-policia-puede-requisarme-o-registrar-mi-vehiculo\/","url":"https:\/\/abogadopenalenmendoza.com.ar\/abogado\/2021\/05\/26\/cuando-la-policia-puede-requisarme-o-registrar-mi-vehiculo\/","name":"\u00bfCu\u00e1ndo la polic\u00eda puede requisarme, o, registrar m\u00ed veh\u00edculo? - Ramiro Villalba - Abogado Penal Mendoza","isPartOf":{"@id":"https:\/\/abogadopenalenmendoza.com.ar\/abogado\/#website"},"primaryImageOfPage":{"@id":"https:\/\/abogadopenalenmendoza.com.ar\/abogado\/2021\/05\/26\/cuando-la-policia-puede-requisarme-o-registrar-mi-vehiculo\/#primaryimage"},"image":{"@id":"https:\/\/abogadopenalenmendoza.com.ar\/abogado\/2021\/05\/26\/cuando-la-policia-puede-requisarme-o-registrar-mi-vehiculo\/#primaryimage"},"thumbnailUrl":"https:\/\/abogadopenalenmendoza.com.ar\/abogado\/wp-content\/uploads\/2021\/05\/foto-perfil-3.fw_-1.png","datePublished":"2021-05-26T11:58:18+00:00","breadcrumb":{"@id":"https:\/\/abogadopenalenmendoza.com.ar\/abogado\/2021\/05\/26\/cuando-la-policia-puede-requisarme-o-registrar-mi-vehiculo\/#breadcrumb"},"inLanguage":"es-AR","potentialAction":[{"@type":"ReadAction","target":["https:\/\/abogadopenalenmendoza.com.ar\/abogado\/2021\/05\/26\/cuando-la-policia-puede-requisarme-o-registrar-mi-vehiculo\/"]}]},{"@type":"ImageObject","inLanguage":"es-AR","@id":"https:\/\/abogadopenalenmendoza.com.ar\/abogado\/2021\/05\/26\/cuando-la-policia-puede-requisarme-o-registrar-mi-vehiculo\/#primaryimage","url":"https:\/\/abogadopenalenmendoza.com.ar\/abogado\/wp-content\/uploads\/2021\/05\/foto-perfil-3.fw_-1.png","contentUrl":"https:\/\/abogadopenalenmendoza.com.ar\/abogado\/wp-content\/uploads\/2021\/05\/foto-perfil-3.fw_-1.png","width":780,"height":1040,"caption":"Abogado Penal Ramiro Villalba"},{"@type":"BreadcrumbList","@id":"https:\/\/abogadopenalenmendoza.com.ar\/abogado\/2021\/05\/26\/cuando-la-policia-puede-requisarme-o-registrar-mi-vehiculo\/#breadcrumb","itemListElement":[{"@type":"ListItem","position":1,"name":"Inicio","item":"https:\/\/abogadopenalenmendoza.com.ar\/abogado\/"},{"@type":"ListItem","position":2,"name":"\u00bfCu\u00e1ndo la polic\u00eda puede requisarme, o, registrar m\u00ed veh\u00edculo?"}]},{"@type":"WebSite","@id":"https:\/\/abogadopenalenmendoza.com.ar\/abogado\/#website","url":"https:\/\/abogadopenalenmendoza.com.ar\/abogado\/","name":"Ramiro Villalba - Abogado Penal Mendoza","description":"","publisher":{"@id":"https:\/\/abogadopenalenmendoza.com.ar\/abogado\/#organization"},"potentialAction":[{"@type":"SearchAction","target":{"@type":"EntryPoint","urlTemplate":"https:\/\/abogadopenalenmendoza.com.ar\/abogado\/?s={search_term_string}"},"query-input":{"@type":"PropertyValueSpecification","valueRequired":true,"valueName":"search_term_string"}}],"inLanguage":"es-AR"},{"@type":"Organization","@id":"https:\/\/abogadopenalenmendoza.com.ar\/abogado\/#organization","name":"Ramiro Villalba - Abogado Penal Mendoza","url":"https:\/\/abogadopenalenmendoza.com.ar\/abogado\/","logo":{"@type":"ImageObject","inLanguage":"es-AR","@id":"https:\/\/abogadopenalenmendoza.com.ar\/abogado\/#\/schema\/logo\/image\/","url":"http:\/\/abogadopenalenmendoza.com.ar\/abogado\/wp-content\/uploads\/2021\/08\/martillo-juicio.fw_-1.png","contentUrl":"http:\/\/abogadopenalenmendoza.com.ar\/abogado\/wp-content\/uploads\/2021\/08\/martillo-juicio.fw_-1.png","width":630,"height":521,"caption":"Ramiro Villalba - Abogado Penal Mendoza"},"image":{"@id":"https:\/\/abogadopenalenmendoza.com.ar\/abogado\/#\/schema\/logo\/image\/"}},{"@type":"Person","@id":"https:\/\/abogadopenalenmendoza.com.ar\/abogado\/#\/schema\/person\/2e1e8beb351c473cfd7a2f3a8abb2e3c","name":"Abogado Ramiro Villalba","image":{"@type":"ImageObject","inLanguage":"es-AR","@id":"https:\/\/secure.gravatar.com\/avatar\/49eb8c708e5a312dcbd67ddc35142c3d17c759fcbe131568ba1a1771f89fe525?s=96&d=mm&r=g","url":"https:\/\/secure.gravatar.com\/avatar\/49eb8c708e5a312dcbd67ddc35142c3d17c759fcbe131568ba1a1771f89fe525?s=96&d=mm&r=g","contentUrl":"https:\/\/secure.gravatar.com\/avatar\/49eb8c708e5a312dcbd67ddc35142c3d17c759fcbe131568ba1a1771f89fe525?s=96&d=mm&r=g","caption":"Abogado Ramiro Villalba"},"url":"https:\/\/abogadopenalenmendoza.com.ar\/abogado\/author\/abogado-ramiro-villalba\/"}]}},"_links":{"self":[{"href":"https:\/\/abogadopenalenmendoza.com.ar\/abogado\/wp-json\/wp\/v2\/posts\/741","targetHints":{"allow":["GET"]}}],"collection":[{"href":"https:\/\/abogadopenalenmendoza.com.ar\/abogado\/wp-json\/wp\/v2\/posts"}],"about":[{"href":"https:\/\/abogadopenalenmendoza.com.ar\/abogado\/wp-json\/wp\/v2\/types\/post"}],"author":[{"embeddable":true,"href":"https:\/\/abogadopenalenmendoza.com.ar\/abogado\/wp-json\/wp\/v2\/users\/2"}],"replies":[{"embeddable":true,"href":"https:\/\/abogadopenalenmendoza.com.ar\/abogado\/wp-json\/wp\/v2\/comments?post=741"}],"version-history":[{"count":0,"href":"https:\/\/abogadopenalenmendoza.com.ar\/abogado\/wp-json\/wp\/v2\/posts\/741\/revisions"}],"wp:featuredmedia":[{"embeddable":true,"href":"https:\/\/abogadopenalenmendoza.com.ar\/abogado\/wp-json\/wp\/v2\/media\/735"}],"wp:attachment":[{"href":"https:\/\/abogadopenalenmendoza.com.ar\/abogado\/wp-json\/wp\/v2\/media?parent=741"}],"wp:term":[{"taxonomy":"category","embeddable":true,"href":"https:\/\/abogadopenalenmendoza.com.ar\/abogado\/wp-json\/wp\/v2\/categories?post=741"},{"taxonomy":"post_tag","embeddable":true,"href":"https:\/\/abogadopenalenmendoza.com.ar\/abogado\/wp-json\/wp\/v2\/tags?post=741"}],"curies":[{"name":"wp","href":"https:\/\/api.w.org\/{rel}","templated":true}]}}