{"id":577,"date":"2020-05-31T18:02:10","date_gmt":"2020-05-31T21:02:10","guid":{"rendered":"http:\/\/abogadopenalenmendoza.com.ar\/abogado\/?p=577"},"modified":"2020-05-31T18:02:10","modified_gmt":"2020-05-31T21:02:10","slug":"declaracion-de-nulidad-del-acta-del-consejo-correccional-incorporacion-al-periodo-de-prueba-y-concesion-de-salidas-transitorias","status":"publish","type":"post","link":"https:\/\/abogadopenalenmendoza.com.ar\/abogado\/2020\/05\/31\/declaracion-de-nulidad-del-acta-del-consejo-correccional-incorporacion-al-periodo-de-prueba-y-concesion-de-salidas-transitorias\/","title":{"rendered":"Declaraci\u00f3n de nulidad del acta del consejo correccional -Incorporaci\u00f3n al per\u00edodo de prueba y concesi\u00f3n de salidas transitorias"},"content":{"rendered":"\n<p>\n\nChaco:&nbsp;<strong>Juzgado de Ejecuci\u00f3n Penal de Roque S\u00e1enz Pe\u00f1a<\/strong>, 12 &#8211; Mayo \u2013 2020.\n\n<\/p>\n\n\n\n<p>\n\nComparto fallo donde un juez de ejecuci\u00f3n concede salidas transitorias a un interno, a\u00fan, cuando no lleg\u00f3 al per\u00edodo de prueba. Ello, por lo corto de la pena y porque fue el Penal quien omiti\u00f3 comenzar en tiempo oportuno el tratamiento de ejecuci\u00f3n penal, omisi\u00f3n que de ning\u00fan modo admite la judicatura endosar al condenado, ya que de hacerlo, pr\u00e1cticamente, anula todos sus derechos durante su privaci\u00f3n de libertad. Lo anecd\u00f3tico es que para llegar a tal resoluci\u00f3n, el Juez anula el Dictamen del Consejo Correccional.\n\n<\/p>\n\n\n\n<p><a href=\"http:\/\/www.pensamientopenal.com.ar\/system\/files\/2020\/05\/fallos48870.pdf\">http:\/\/www.pen<\/a><a href=\"http:\/\/www.pensamientopenal.com.ar\/system\/files\/2020\/05\/fallos48870.pdf\" target=\"_blank\" rel=\"noreferrer noopener\" aria-label=\"samientopenal.com.ar\/system\/files\/2020\/05\/fallos48870.pdf (abre en una nueva pesta\u00f1a)\">samientopenal.com.ar\/system\/files\/2020\/05\/fallos48870.pdf<\/a><\/p>\n","protected":false},"excerpt":{"rendered":"<p>Chaco:&nbsp;Juzgado de Ejecuci\u00f3n Penal de Roque S\u00e1enz Pe\u00f1a, 12 &#8211; Mayo \u2013 2020. Comparto fallo donde un juez de ejecuci\u00f3n concede salidas transitorias a un interno, a\u00fan, cuando no lleg\u00f3 al per\u00edodo de prueba. Ello, por lo corto de la pena y porque fue el Penal quien omiti\u00f3 comenzar en tiempo oportuno el tratamiento de<\/p>\n","protected":false},"author":2,"featured_media":578,"comment_status":"open","ping_status":"open","sticky":false,"template":"","format":"standard","meta":{"_joinchat":[],"footnotes":""},"categories":[19],"tags":[2,5,6,38],"class_list":{"0":"post-577","1":"post","2":"type-post","3":"status-publish","4":"format-standard","5":"has-post-thumbnail","7":"category-pensamiento-penal","8":"tag-abogado","9":"tag-mendoza","10":"tag-penal","11":"tag-ramiro"},"yoast_head":"<!-- This site is optimized with the Yoast SEO Premium plugin v24.1 (Yoast SEO v27.3) - https:\/\/yoast.com\/product\/yoast-seo-premium-wordpress\/ -->\n<title>Declaraci\u00f3n de nulidad del acta del consejo correccional -Incorporaci\u00f3n al per\u00edodo de prueba y concesi\u00f3n de salidas transitorias - Ramiro Villalba - Abogado Penal Mendoza<\/title>\n<meta name=\"robots\" content=\"index, follow, max-snippet:-1, max-image-preview:large, max-video-preview:-1\" \/>\n<link rel=\"canonical\" href=\"https:\/\/abogadopenalenmendoza.com.ar\/abogado\/2020\/05\/31\/declaracion-de-nulidad-del-acta-del-consejo-correccional-incorporacion-al-periodo-de-prueba-y-concesion-de-salidas-transitorias\/\" \/>\n<meta property=\"og:locale\" content=\"es_ES\" \/>\n<meta property=\"og:type\" content=\"article\" \/>\n<meta property=\"og:title\" content=\"Declaraci\u00f3n de nulidad del acta del consejo correccional -Incorporaci\u00f3n al per\u00edodo de prueba y concesi\u00f3n de salidas transitorias\" \/>\n<meta property=\"og:description\" content=\"Chaco:&nbsp;Juzgado de Ejecuci\u00f3n Penal de Roque S\u00e1enz Pe\u00f1a, 12 &#8211; Mayo \u2013 2020. Comparto fallo donde un juez de ejecuci\u00f3n concede salidas transitorias a un interno, a\u00fan, cuando no lleg\u00f3 al per\u00edodo de prueba. Ello, por lo corto de la pena y porque fue el Penal quien omiti\u00f3 comenzar en tiempo oportuno el tratamiento de\" \/>\n<meta property=\"og:url\" content=\"https:\/\/abogadopenalenmendoza.com.ar\/abogado\/2020\/05\/31\/declaracion-de-nulidad-del-acta-del-consejo-correccional-incorporacion-al-periodo-de-prueba-y-concesion-de-salidas-transitorias\/\" \/>\n<meta property=\"og:site_name\" content=\"Ramiro Villalba - Abogado Penal Mendoza\" \/>\n<meta property=\"article:published_time\" content=\"2020-05-31T21:02:10+00:00\" \/>\n<meta property=\"og:image\" content=\"https:\/\/abogadopenalenmendoza.com.ar\/abogado\/wp-content\/uploads\/2020\/05\/juez-1.jpeg\" \/>\n\t<meta property=\"og:image:width\" content=\"474\" \/>\n\t<meta property=\"og:image:height\" content=\"316\" \/>\n\t<meta property=\"og:image:type\" content=\"image\/jpeg\" \/>\n<meta name=\"author\" content=\"Abogado Ramiro Villalba\" \/>\n<meta name=\"twitter:card\" content=\"summary_large_image\" \/>\n<meta name=\"twitter:label1\" content=\"Escrito por\" \/>\n\t<meta name=\"twitter:data1\" content=\"Abogado Ramiro Villalba\" \/>\n\t<meta name=\"twitter:label2\" content=\"Tiempo de lectura\" \/>\n\t<meta name=\"twitter:data2\" content=\"1 minuto\" \/>\n<script type=\"application\/ld+json\" class=\"yoast-schema-graph\">{\"@context\":\"https:\\\/\\\/schema.org\",\"@graph\":[{\"@type\":\"Article\",\"@id\":\"https:\\\/\\\/abogadopenalenmendoza.com.ar\\\/abogado\\\/2020\\\/05\\\/31\\\/declaracion-de-nulidad-del-acta-del-consejo-correccional-incorporacion-al-periodo-de-prueba-y-concesion-de-salidas-transitorias\\\/#article\",\"isPartOf\":{\"@id\":\"https:\\\/\\\/abogadopenalenmendoza.com.ar\\\/abogado\\\/2020\\\/05\\\/31\\\/declaracion-de-nulidad-del-acta-del-consejo-correccional-incorporacion-al-periodo-de-prueba-y-concesion-de-salidas-transitorias\\\/\"},\"author\":{\"name\":\"Abogado Ramiro Villalba\",\"@id\":\"https:\\\/\\\/abogadopenalenmendoza.com.ar\\\/abogado\\\/#\\\/schema\\\/person\\\/2e1e8beb351c473cfd7a2f3a8abb2e3c\"},\"headline\":\"Declaraci\u00f3n de nulidad del acta del consejo correccional -Incorporaci\u00f3n al per\u00edodo de prueba y concesi\u00f3n de salidas transitorias\",\"datePublished\":\"2020-05-31T21:02:10+00:00\",\"mainEntityOfPage\":{\"@id\":\"https:\\\/\\\/abogadopenalenmendoza.com.ar\\\/abogado\\\/2020\\\/05\\\/31\\\/declaracion-de-nulidad-del-acta-del-consejo-correccional-incorporacion-al-periodo-de-prueba-y-concesion-de-salidas-transitorias\\\/\"},\"wordCount\":143,\"commentCount\":0,\"publisher\":{\"@id\":\"https:\\\/\\\/abogadopenalenmendoza.com.ar\\\/abogado\\\/#organization\"},\"image\":{\"@id\":\"https:\\\/\\\/abogadopenalenmendoza.com.ar\\\/abogado\\\/2020\\\/05\\\/31\\\/declaracion-de-nulidad-del-acta-del-consejo-correccional-incorporacion-al-periodo-de-prueba-y-concesion-de-salidas-transitorias\\\/#primaryimage\"},\"thumbnailUrl\":\"https:\\\/\\\/abogadopenalenmendoza.com.ar\\\/abogado\\\/wp-content\\\/uploads\\\/2020\\\/05\\\/juez-1.jpeg\",\"keywords\":[\"abogado\",\"mendoza\",\"penal\",\"ramiro\"],\"articleSection\":[\"Pensamiento Penal\"],\"inLanguage\":\"es-AR\"},{\"@type\":\"WebPage\",\"@id\":\"https:\\\/\\\/abogadopenalenmendoza.com.ar\\\/abogado\\\/2020\\\/05\\\/31\\\/declaracion-de-nulidad-del-acta-del-consejo-correccional-incorporacion-al-periodo-de-prueba-y-concesion-de-salidas-transitorias\\\/\",\"url\":\"https:\\\/\\\/abogadopenalenmendoza.com.ar\\\/abogado\\\/2020\\\/05\\\/31\\\/declaracion-de-nulidad-del-acta-del-consejo-correccional-incorporacion-al-periodo-de-prueba-y-concesion-de-salidas-transitorias\\\/\",\"name\":\"Declaraci\u00f3n de nulidad del acta del consejo correccional -Incorporaci\u00f3n al per\u00edodo de prueba y concesi\u00f3n de salidas transitorias - Ramiro Villalba - Abogado Penal Mendoza\",\"isPartOf\":{\"@id\":\"https:\\\/\\\/abogadopenalenmendoza.com.ar\\\/abogado\\\/#website\"},\"primaryImageOfPage\":{\"@id\":\"https:\\\/\\\/abogadopenalenmendoza.com.ar\\\/abogado\\\/2020\\\/05\\\/31\\\/declaracion-de-nulidad-del-acta-del-consejo-correccional-incorporacion-al-periodo-de-prueba-y-concesion-de-salidas-transitorias\\\/#primaryimage\"},\"image\":{\"@id\":\"https:\\\/\\\/abogadopenalenmendoza.com.ar\\\/abogado\\\/2020\\\/05\\\/31\\\/declaracion-de-nulidad-del-acta-del-consejo-correccional-incorporacion-al-periodo-de-prueba-y-concesion-de-salidas-transitorias\\\/#primaryimage\"},\"thumbnailUrl\":\"https:\\\/\\\/abogadopenalenmendoza.com.ar\\\/abogado\\\/wp-content\\\/uploads\\\/2020\\\/05\\\/juez-1.jpeg\",\"datePublished\":\"2020-05-31T21:02:10+00:00\",\"breadcrumb\":{\"@id\":\"https:\\\/\\\/abogadopenalenmendoza.com.ar\\\/abogado\\\/2020\\\/05\\\/31\\\/declaracion-de-nulidad-del-acta-del-consejo-correccional-incorporacion-al-periodo-de-prueba-y-concesion-de-salidas-transitorias\\\/#breadcrumb\"},\"inLanguage\":\"es-AR\",\"potentialAction\":[{\"@type\":\"ReadAction\",\"target\":[\"https:\\\/\\\/abogadopenalenmendoza.com.ar\\\/abogado\\\/2020\\\/05\\\/31\\\/declaracion-de-nulidad-del-acta-del-consejo-correccional-incorporacion-al-periodo-de-prueba-y-concesion-de-salidas-transitorias\\\/\"]}]},{\"@type\":\"ImageObject\",\"inLanguage\":\"es-AR\",\"@id\":\"https:\\\/\\\/abogadopenalenmendoza.com.ar\\\/abogado\\\/2020\\\/05\\\/31\\\/declaracion-de-nulidad-del-acta-del-consejo-correccional-incorporacion-al-periodo-de-prueba-y-concesion-de-salidas-transitorias\\\/#primaryimage\",\"url\":\"https:\\\/\\\/abogadopenalenmendoza.com.ar\\\/abogado\\\/wp-content\\\/uploads\\\/2020\\\/05\\\/juez-1.jpeg\",\"contentUrl\":\"https:\\\/\\\/abogadopenalenmendoza.com.ar\\\/abogado\\\/wp-content\\\/uploads\\\/2020\\\/05\\\/juez-1.jpeg\",\"width\":474,\"height\":316},{\"@type\":\"BreadcrumbList\",\"@id\":\"https:\\\/\\\/abogadopenalenmendoza.com.ar\\\/abogado\\\/2020\\\/05\\\/31\\\/declaracion-de-nulidad-del-acta-del-consejo-correccional-incorporacion-al-periodo-de-prueba-y-concesion-de-salidas-transitorias\\\/#breadcrumb\",\"itemListElement\":[{\"@type\":\"ListItem\",\"position\":1,\"name\":\"Inicio\",\"item\":\"https:\\\/\\\/abogadopenalenmendoza.com.ar\\\/abogado\\\/\"},{\"@type\":\"ListItem\",\"position\":2,\"name\":\"Declaraci\u00f3n de nulidad del acta del consejo correccional -Incorporaci\u00f3n al per\u00edodo de prueba y concesi\u00f3n de salidas transitorias\"}]},{\"@type\":\"WebSite\",\"@id\":\"https:\\\/\\\/abogadopenalenmendoza.com.ar\\\/abogado\\\/#website\",\"url\":\"https:\\\/\\\/abogadopenalenmendoza.com.ar\\\/abogado\\\/\",\"name\":\"Ramiro Villalba - Abogado Penal Mendoza\",\"description\":\"\",\"publisher\":{\"@id\":\"https:\\\/\\\/abogadopenalenmendoza.com.ar\\\/abogado\\\/#organization\"},\"potentialAction\":[{\"@type\":\"SearchAction\",\"target\":{\"@type\":\"EntryPoint\",\"urlTemplate\":\"https:\\\/\\\/abogadopenalenmendoza.com.ar\\\/abogado\\\/?s={search_term_string}\"},\"query-input\":{\"@type\":\"PropertyValueSpecification\",\"valueRequired\":true,\"valueName\":\"search_term_string\"}}],\"inLanguage\":\"es-AR\"},{\"@type\":\"Organization\",\"@id\":\"https:\\\/\\\/abogadopenalenmendoza.com.ar\\\/abogado\\\/#organization\",\"name\":\"Ramiro Villalba - Abogado Penal Mendoza\",\"url\":\"https:\\\/\\\/abogadopenalenmendoza.com.ar\\\/abogado\\\/\",\"logo\":{\"@type\":\"ImageObject\",\"inLanguage\":\"es-AR\",\"@id\":\"https:\\\/\\\/abogadopenalenmendoza.com.ar\\\/abogado\\\/#\\\/schema\\\/logo\\\/image\\\/\",\"url\":\"http:\\\/\\\/abogadopenalenmendoza.com.ar\\\/abogado\\\/wp-content\\\/uploads\\\/2021\\\/08\\\/martillo-juicio.fw_-1.png\",\"contentUrl\":\"http:\\\/\\\/abogadopenalenmendoza.com.ar\\\/abogado\\\/wp-content\\\/uploads\\\/2021\\\/08\\\/martillo-juicio.fw_-1.png\",\"width\":630,\"height\":521,\"caption\":\"Ramiro Villalba - Abogado Penal Mendoza\"},\"image\":{\"@id\":\"https:\\\/\\\/abogadopenalenmendoza.com.ar\\\/abogado\\\/#\\\/schema\\\/logo\\\/image\\\/\"}},{\"@type\":\"Person\",\"@id\":\"https:\\\/\\\/abogadopenalenmendoza.com.ar\\\/abogado\\\/#\\\/schema\\\/person\\\/2e1e8beb351c473cfd7a2f3a8abb2e3c\",\"name\":\"Abogado Ramiro Villalba\",\"image\":{\"@type\":\"ImageObject\",\"inLanguage\":\"es-AR\",\"@id\":\"https:\\\/\\\/secure.gravatar.com\\\/avatar\\\/49eb8c708e5a312dcbd67ddc35142c3d17c759fcbe131568ba1a1771f89fe525?s=96&d=mm&r=g\",\"url\":\"https:\\\/\\\/secure.gravatar.com\\\/avatar\\\/49eb8c708e5a312dcbd67ddc35142c3d17c759fcbe131568ba1a1771f89fe525?s=96&d=mm&r=g\",\"contentUrl\":\"https:\\\/\\\/secure.gravatar.com\\\/avatar\\\/49eb8c708e5a312dcbd67ddc35142c3d17c759fcbe131568ba1a1771f89fe525?s=96&d=mm&r=g\",\"caption\":\"Abogado Ramiro Villalba\"},\"url\":\"https:\\\/\\\/abogadopenalenmendoza.com.ar\\\/abogado\\\/author\\\/abogado-ramiro-villalba\\\/\"}]}<\/script>\n<!-- \/ Yoast SEO Premium plugin. -->","yoast_head_json":{"title":"Declaraci\u00f3n de nulidad del acta del consejo correccional -Incorporaci\u00f3n al per\u00edodo de prueba y concesi\u00f3n de salidas transitorias - Ramiro Villalba - Abogado Penal Mendoza","robots":{"index":"index","follow":"follow","max-snippet":"max-snippet:-1","max-image-preview":"max-image-preview:large","max-video-preview":"max-video-preview:-1"},"canonical":"https:\/\/abogadopenalenmendoza.com.ar\/abogado\/2020\/05\/31\/declaracion-de-nulidad-del-acta-del-consejo-correccional-incorporacion-al-periodo-de-prueba-y-concesion-de-salidas-transitorias\/","og_locale":"es_ES","og_type":"article","og_title":"Declaraci\u00f3n de nulidad del acta del consejo correccional -Incorporaci\u00f3n al per\u00edodo de prueba y concesi\u00f3n de salidas transitorias","og_description":"Chaco:&nbsp;Juzgado de Ejecuci\u00f3n Penal de Roque S\u00e1enz Pe\u00f1a, 12 &#8211; Mayo \u2013 2020. Comparto fallo donde un juez de ejecuci\u00f3n concede salidas transitorias a un interno, a\u00fan, cuando no lleg\u00f3 al per\u00edodo de prueba. Ello, por lo corto de la pena y porque fue el Penal quien omiti\u00f3 comenzar en tiempo oportuno el tratamiento de","og_url":"https:\/\/abogadopenalenmendoza.com.ar\/abogado\/2020\/05\/31\/declaracion-de-nulidad-del-acta-del-consejo-correccional-incorporacion-al-periodo-de-prueba-y-concesion-de-salidas-transitorias\/","og_site_name":"Ramiro Villalba - Abogado Penal Mendoza","article_published_time":"2020-05-31T21:02:10+00:00","og_image":[{"width":474,"height":316,"url":"https:\/\/abogadopenalenmendoza.com.ar\/abogado\/wp-content\/uploads\/2020\/05\/juez-1.jpeg","type":"image\/jpeg"}],"author":"Abogado Ramiro Villalba","twitter_card":"summary_large_image","twitter_misc":{"Escrito por":"Abogado Ramiro Villalba","Tiempo de lectura":"1 minuto"},"schema":{"@context":"https:\/\/schema.org","@graph":[{"@type":"Article","@id":"https:\/\/abogadopenalenmendoza.com.ar\/abogado\/2020\/05\/31\/declaracion-de-nulidad-del-acta-del-consejo-correccional-incorporacion-al-periodo-de-prueba-y-concesion-de-salidas-transitorias\/#article","isPartOf":{"@id":"https:\/\/abogadopenalenmendoza.com.ar\/abogado\/2020\/05\/31\/declaracion-de-nulidad-del-acta-del-consejo-correccional-incorporacion-al-periodo-de-prueba-y-concesion-de-salidas-transitorias\/"},"author":{"name":"Abogado Ramiro Villalba","@id":"https:\/\/abogadopenalenmendoza.com.ar\/abogado\/#\/schema\/person\/2e1e8beb351c473cfd7a2f3a8abb2e3c"},"headline":"Declaraci\u00f3n de nulidad del acta del consejo correccional -Incorporaci\u00f3n al per\u00edodo de prueba y concesi\u00f3n de salidas transitorias","datePublished":"2020-05-31T21:02:10+00:00","mainEntityOfPage":{"@id":"https:\/\/abogadopenalenmendoza.com.ar\/abogado\/2020\/05\/31\/declaracion-de-nulidad-del-acta-del-consejo-correccional-incorporacion-al-periodo-de-prueba-y-concesion-de-salidas-transitorias\/"},"wordCount":143,"commentCount":0,"publisher":{"@id":"https:\/\/abogadopenalenmendoza.com.ar\/abogado\/#organization"},"image":{"@id":"https:\/\/abogadopenalenmendoza.com.ar\/abogado\/2020\/05\/31\/declaracion-de-nulidad-del-acta-del-consejo-correccional-incorporacion-al-periodo-de-prueba-y-concesion-de-salidas-transitorias\/#primaryimage"},"thumbnailUrl":"https:\/\/abogadopenalenmendoza.com.ar\/abogado\/wp-content\/uploads\/2020\/05\/juez-1.jpeg","keywords":["abogado","mendoza","penal","ramiro"],"articleSection":["Pensamiento Penal"],"inLanguage":"es-AR"},{"@type":"WebPage","@id":"https:\/\/abogadopenalenmendoza.com.ar\/abogado\/2020\/05\/31\/declaracion-de-nulidad-del-acta-del-consejo-correccional-incorporacion-al-periodo-de-prueba-y-concesion-de-salidas-transitorias\/","url":"https:\/\/abogadopenalenmendoza.com.ar\/abogado\/2020\/05\/31\/declaracion-de-nulidad-del-acta-del-consejo-correccional-incorporacion-al-periodo-de-prueba-y-concesion-de-salidas-transitorias\/","name":"Declaraci\u00f3n de nulidad del acta del consejo correccional -Incorporaci\u00f3n al per\u00edodo de prueba y concesi\u00f3n de salidas transitorias - Ramiro Villalba - Abogado Penal Mendoza","isPartOf":{"@id":"https:\/\/abogadopenalenmendoza.com.ar\/abogado\/#website"},"primaryImageOfPage":{"@id":"https:\/\/abogadopenalenmendoza.com.ar\/abogado\/2020\/05\/31\/declaracion-de-nulidad-del-acta-del-consejo-correccional-incorporacion-al-periodo-de-prueba-y-concesion-de-salidas-transitorias\/#primaryimage"},"image":{"@id":"https:\/\/abogadopenalenmendoza.com.ar\/abogado\/2020\/05\/31\/declaracion-de-nulidad-del-acta-del-consejo-correccional-incorporacion-al-periodo-de-prueba-y-concesion-de-salidas-transitorias\/#primaryimage"},"thumbnailUrl":"https:\/\/abogadopenalenmendoza.com.ar\/abogado\/wp-content\/uploads\/2020\/05\/juez-1.jpeg","datePublished":"2020-05-31T21:02:10+00:00","breadcrumb":{"@id":"https:\/\/abogadopenalenmendoza.com.ar\/abogado\/2020\/05\/31\/declaracion-de-nulidad-del-acta-del-consejo-correccional-incorporacion-al-periodo-de-prueba-y-concesion-de-salidas-transitorias\/#breadcrumb"},"inLanguage":"es-AR","potentialAction":[{"@type":"ReadAction","target":["https:\/\/abogadopenalenmendoza.com.ar\/abogado\/2020\/05\/31\/declaracion-de-nulidad-del-acta-del-consejo-correccional-incorporacion-al-periodo-de-prueba-y-concesion-de-salidas-transitorias\/"]}]},{"@type":"ImageObject","inLanguage":"es-AR","@id":"https:\/\/abogadopenalenmendoza.com.ar\/abogado\/2020\/05\/31\/declaracion-de-nulidad-del-acta-del-consejo-correccional-incorporacion-al-periodo-de-prueba-y-concesion-de-salidas-transitorias\/#primaryimage","url":"https:\/\/abogadopenalenmendoza.com.ar\/abogado\/wp-content\/uploads\/2020\/05\/juez-1.jpeg","contentUrl":"https:\/\/abogadopenalenmendoza.com.ar\/abogado\/wp-content\/uploads\/2020\/05\/juez-1.jpeg","width":474,"height":316},{"@type":"BreadcrumbList","@id":"https:\/\/abogadopenalenmendoza.com.ar\/abogado\/2020\/05\/31\/declaracion-de-nulidad-del-acta-del-consejo-correccional-incorporacion-al-periodo-de-prueba-y-concesion-de-salidas-transitorias\/#breadcrumb","itemListElement":[{"@type":"ListItem","position":1,"name":"Inicio","item":"https:\/\/abogadopenalenmendoza.com.ar\/abogado\/"},{"@type":"ListItem","position":2,"name":"Declaraci\u00f3n de nulidad del acta del consejo correccional -Incorporaci\u00f3n al per\u00edodo de prueba y concesi\u00f3n de salidas transitorias"}]},{"@type":"WebSite","@id":"https:\/\/abogadopenalenmendoza.com.ar\/abogado\/#website","url":"https:\/\/abogadopenalenmendoza.com.ar\/abogado\/","name":"Ramiro Villalba - Abogado Penal Mendoza","description":"","publisher":{"@id":"https:\/\/abogadopenalenmendoza.com.ar\/abogado\/#organization"},"potentialAction":[{"@type":"SearchAction","target":{"@type":"EntryPoint","urlTemplate":"https:\/\/abogadopenalenmendoza.com.ar\/abogado\/?s={search_term_string}"},"query-input":{"@type":"PropertyValueSpecification","valueRequired":true,"valueName":"search_term_string"}}],"inLanguage":"es-AR"},{"@type":"Organization","@id":"https:\/\/abogadopenalenmendoza.com.ar\/abogado\/#organization","name":"Ramiro Villalba - Abogado Penal Mendoza","url":"https:\/\/abogadopenalenmendoza.com.ar\/abogado\/","logo":{"@type":"ImageObject","inLanguage":"es-AR","@id":"https:\/\/abogadopenalenmendoza.com.ar\/abogado\/#\/schema\/logo\/image\/","url":"http:\/\/abogadopenalenmendoza.com.ar\/abogado\/wp-content\/uploads\/2021\/08\/martillo-juicio.fw_-1.png","contentUrl":"http:\/\/abogadopenalenmendoza.com.ar\/abogado\/wp-content\/uploads\/2021\/08\/martillo-juicio.fw_-1.png","width":630,"height":521,"caption":"Ramiro Villalba - Abogado Penal Mendoza"},"image":{"@id":"https:\/\/abogadopenalenmendoza.com.ar\/abogado\/#\/schema\/logo\/image\/"}},{"@type":"Person","@id":"https:\/\/abogadopenalenmendoza.com.ar\/abogado\/#\/schema\/person\/2e1e8beb351c473cfd7a2f3a8abb2e3c","name":"Abogado Ramiro Villalba","image":{"@type":"ImageObject","inLanguage":"es-AR","@id":"https:\/\/secure.gravatar.com\/avatar\/49eb8c708e5a312dcbd67ddc35142c3d17c759fcbe131568ba1a1771f89fe525?s=96&d=mm&r=g","url":"https:\/\/secure.gravatar.com\/avatar\/49eb8c708e5a312dcbd67ddc35142c3d17c759fcbe131568ba1a1771f89fe525?s=96&d=mm&r=g","contentUrl":"https:\/\/secure.gravatar.com\/avatar\/49eb8c708e5a312dcbd67ddc35142c3d17c759fcbe131568ba1a1771f89fe525?s=96&d=mm&r=g","caption":"Abogado Ramiro Villalba"},"url":"https:\/\/abogadopenalenmendoza.com.ar\/abogado\/author\/abogado-ramiro-villalba\/"}]}},"_links":{"self":[{"href":"https:\/\/abogadopenalenmendoza.com.ar\/abogado\/wp-json\/wp\/v2\/posts\/577","targetHints":{"allow":["GET"]}}],"collection":[{"href":"https:\/\/abogadopenalenmendoza.com.ar\/abogado\/wp-json\/wp\/v2\/posts"}],"about":[{"href":"https:\/\/abogadopenalenmendoza.com.ar\/abogado\/wp-json\/wp\/v2\/types\/post"}],"author":[{"embeddable":true,"href":"https:\/\/abogadopenalenmendoza.com.ar\/abogado\/wp-json\/wp\/v2\/users\/2"}],"replies":[{"embeddable":true,"href":"https:\/\/abogadopenalenmendoza.com.ar\/abogado\/wp-json\/wp\/v2\/comments?post=577"}],"version-history":[{"count":0,"href":"https:\/\/abogadopenalenmendoza.com.ar\/abogado\/wp-json\/wp\/v2\/posts\/577\/revisions"}],"wp:featuredmedia":[{"embeddable":true,"href":"https:\/\/abogadopenalenmendoza.com.ar\/abogado\/wp-json\/wp\/v2\/media\/578"}],"wp:attachment":[{"href":"https:\/\/abogadopenalenmendoza.com.ar\/abogado\/wp-json\/wp\/v2\/media?parent=577"}],"wp:term":[{"taxonomy":"category","embeddable":true,"href":"https:\/\/abogadopenalenmendoza.com.ar\/abogado\/wp-json\/wp\/v2\/categories?post=577"},{"taxonomy":"post_tag","embeddable":true,"href":"https:\/\/abogadopenalenmendoza.com.ar\/abogado\/wp-json\/wp\/v2\/tags?post=577"}],"curies":[{"name":"wp","href":"https:\/\/api.w.org\/{rel}","templated":true}]}}