{"id":470,"date":"2019-03-26T12:46:29","date_gmt":"2019-03-26T15:46:29","guid":{"rendered":"http:\/\/abogadopenalenmendoza.com.ar\/abogado\/?p=470"},"modified":"2019-03-26T12:46:29","modified_gmt":"2019-03-26T15:46:29","slug":"la-camara-confirmo-a-ramos-padilla-al-frente-de-la-causa-del-falso-abogado-dalessio","status":"publish","type":"post","link":"https:\/\/abogadopenalenmendoza.com.ar\/abogado\/2019\/03\/26\/la-camara-confirmo-a-ramos-padilla-al-frente-de-la-causa-del-falso-abogado-dalessio\/","title":{"rendered":"La C\u00e1mara confirm\u00f3 a Ramos Padilla al frente de la causa del falso abogado D&#8217;Alessio"},"content":{"rendered":"\n<div class=\"wp-block-image\"><figure class=\"aligncenter\"><img decoding=\"async\" src=\"http:\/\/abogadopenalenmendoza.com.ar\/abogado\/wp-content\/uploads\/2019\/03\/ramos-padilla.jpg\" alt=\"\" class=\"wp-image-471\"\/><\/figure><\/div>\n\n\n\n<p>\n\nEl fiscal Carlos Stornelli lo hab\u00eda recusado porque cre\u00eda que el magistrado de Dolores era incompetente<br><\/p>\n\n\n\n<p>\n\nLa C\u00e1mara Federal de Mar del Plata rechaz\u00f3 hoy la primera recusaci\u00f3n que motoriz\u00f3 el fiscal Carlos Stornelli contra el juez federal de Dolores, Alejo Ramos Padilla, que lo cit\u00f3 a indagatoria para interrogarlo en la causa en la que se investiga una supuesta red de espionaje que usaba informaci\u00f3n para extorsionar.\n\n<\/p>\n\n\n\n<p>Nota: <a href=\"https:\/\/www.infobae.com\/politica\/2019\/03\/22\/la-camara-confirmo-a-ramos-padilla-al-frente-de-la-causa-del-falso-abogado-dalessio\/\">https:\/\/www.infobae.com\/politica\/2019\/03\/22\/la-camara-confirmo-a-ramos-padilla-al-frente-de-la-causa-del-falso-abogado-dalessio\/<\/a><\/p>\n","protected":false},"excerpt":{"rendered":"<p>El fiscal Carlos Stornelli lo hab\u00eda recusado porque cre\u00eda que el magistrado de Dolores era incompetente La C\u00e1mara Federal de Mar del Plata rechaz\u00f3 hoy la primera recusaci\u00f3n que motoriz\u00f3 el fiscal Carlos Stornelli contra el juez federal de Dolores, Alejo Ramos Padilla, que lo cit\u00f3 a indagatoria para interrogarlo en la causa en la<\/p>\n","protected":false},"author":2,"featured_media":471,"comment_status":"closed","ping_status":"closed","sticky":false,"template":"","format":"standard","meta":{"_joinchat":[],"footnotes":""},"categories":[17],"tags":[37,5,6,7,38,8],"class_list":{"0":"post-470","1":"post","2":"type-post","3":"status-publish","4":"format-standard","5":"has-post-thumbnail","7":"category-fallos","8":"tag-juridico","9":"tag-mendoza","10":"tag-penal","11":"tag-penalista","12":"tag-ramiro","13":"tag-villalba"},"yoast_head":"<!-- This site is optimized with the Yoast SEO Premium plugin v24.1 (Yoast SEO v27.3) - https:\/\/yoast.com\/product\/yoast-seo-premium-wordpress\/ -->\n<title>La C\u00e1mara confirm\u00f3 a Ramos Padilla al frente de la causa del falso abogado D&#039;Alessio - Ramiro Villalba - Abogado Penal Mendoza<\/title>\n<meta name=\"robots\" content=\"index, follow, max-snippet:-1, max-image-preview:large, max-video-preview:-1\" \/>\n<link rel=\"canonical\" href=\"https:\/\/abogadopenalenmendoza.com.ar\/abogado\/2019\/03\/26\/la-camara-confirmo-a-ramos-padilla-al-frente-de-la-causa-del-falso-abogado-dalessio\/\" \/>\n<meta property=\"og:locale\" content=\"es_ES\" \/>\n<meta property=\"og:type\" content=\"article\" \/>\n<meta property=\"og:title\" content=\"La C\u00e1mara confirm\u00f3 a Ramos Padilla al frente de la causa del falso abogado D&#039;Alessio\" \/>\n<meta property=\"og:description\" content=\"El fiscal Carlos Stornelli lo hab\u00eda recusado porque cre\u00eda que el magistrado de Dolores era incompetente La C\u00e1mara Federal de Mar del Plata rechaz\u00f3 hoy la primera recusaci\u00f3n que motoriz\u00f3 el fiscal Carlos Stornelli contra el juez federal de Dolores, Alejo Ramos Padilla, que lo cit\u00f3 a indagatoria para interrogarlo en la causa en la\" \/>\n<meta property=\"og:url\" content=\"https:\/\/abogadopenalenmendoza.com.ar\/abogado\/2019\/03\/26\/la-camara-confirmo-a-ramos-padilla-al-frente-de-la-causa-del-falso-abogado-dalessio\/\" \/>\n<meta property=\"og:site_name\" content=\"Ramiro Villalba - Abogado Penal Mendoza\" \/>\n<meta property=\"article:published_time\" content=\"2019-03-26T15:46:29+00:00\" \/>\n<meta property=\"og:image\" content=\"https:\/\/abogadopenalenmendoza.com.ar\/abogado\/wp-content\/uploads\/2019\/03\/ramos-padilla-1.jpg\" \/>\n\t<meta property=\"og:image:width\" content=\"750\" \/>\n\t<meta property=\"og:image:height\" content=\"422\" \/>\n\t<meta property=\"og:image:type\" content=\"image\/jpeg\" \/>\n<meta name=\"author\" content=\"Abogado Ramiro Villalba\" \/>\n<meta name=\"twitter:card\" content=\"summary_large_image\" \/>\n<meta name=\"twitter:label1\" content=\"Escrito por\" \/>\n\t<meta name=\"twitter:data1\" content=\"Abogado Ramiro Villalba\" \/>\n<script type=\"application\/ld+json\" class=\"yoast-schema-graph\">{\"@context\":\"https:\\\/\\\/schema.org\",\"@graph\":[{\"@type\":\"Article\",\"@id\":\"https:\\\/\\\/abogadopenalenmendoza.com.ar\\\/abogado\\\/2019\\\/03\\\/26\\\/la-camara-confirmo-a-ramos-padilla-al-frente-de-la-causa-del-falso-abogado-dalessio\\\/#article\",\"isPartOf\":{\"@id\":\"https:\\\/\\\/abogadopenalenmendoza.com.ar\\\/abogado\\\/2019\\\/03\\\/26\\\/la-camara-confirmo-a-ramos-padilla-al-frente-de-la-causa-del-falso-abogado-dalessio\\\/\"},\"author\":{\"name\":\"Abogado Ramiro Villalba\",\"@id\":\"https:\\\/\\\/abogadopenalenmendoza.com.ar\\\/abogado\\\/#\\\/schema\\\/person\\\/2e1e8beb351c473cfd7a2f3a8abb2e3c\"},\"headline\":\"La C\u00e1mara confirm\u00f3 a Ramos Padilla al frente de la causa del falso abogado D&#8217;Alessio\",\"datePublished\":\"2019-03-26T15:46:29+00:00\",\"mainEntityOfPage\":{\"@id\":\"https:\\\/\\\/abogadopenalenmendoza.com.ar\\\/abogado\\\/2019\\\/03\\\/26\\\/la-camara-confirmo-a-ramos-padilla-al-frente-de-la-causa-del-falso-abogado-dalessio\\\/\"},\"wordCount\":97,\"publisher\":{\"@id\":\"https:\\\/\\\/abogadopenalenmendoza.com.ar\\\/abogado\\\/#organization\"},\"image\":{\"@id\":\"https:\\\/\\\/abogadopenalenmendoza.com.ar\\\/abogado\\\/2019\\\/03\\\/26\\\/la-camara-confirmo-a-ramos-padilla-al-frente-de-la-causa-del-falso-abogado-dalessio\\\/#primaryimage\"},\"thumbnailUrl\":\"https:\\\/\\\/abogadopenalenmendoza.com.ar\\\/abogado\\\/wp-content\\\/uploads\\\/2019\\\/03\\\/ramos-padilla-1.jpg\",\"keywords\":[\"juridico\",\"mendoza\",\"penal\",\"penalista\",\"ramiro\",\"villalba\"],\"articleSection\":[\"Fallos\"],\"inLanguage\":\"es-AR\"},{\"@type\":\"WebPage\",\"@id\":\"https:\\\/\\\/abogadopenalenmendoza.com.ar\\\/abogado\\\/2019\\\/03\\\/26\\\/la-camara-confirmo-a-ramos-padilla-al-frente-de-la-causa-del-falso-abogado-dalessio\\\/\",\"url\":\"https:\\\/\\\/abogadopenalenmendoza.com.ar\\\/abogado\\\/2019\\\/03\\\/26\\\/la-camara-confirmo-a-ramos-padilla-al-frente-de-la-causa-del-falso-abogado-dalessio\\\/\",\"name\":\"La C\u00e1mara confirm\u00f3 a Ramos Padilla al frente de la causa del falso abogado D'Alessio - Ramiro Villalba - Abogado Penal Mendoza\",\"isPartOf\":{\"@id\":\"https:\\\/\\\/abogadopenalenmendoza.com.ar\\\/abogado\\\/#website\"},\"primaryImageOfPage\":{\"@id\":\"https:\\\/\\\/abogadopenalenmendoza.com.ar\\\/abogado\\\/2019\\\/03\\\/26\\\/la-camara-confirmo-a-ramos-padilla-al-frente-de-la-causa-del-falso-abogado-dalessio\\\/#primaryimage\"},\"image\":{\"@id\":\"https:\\\/\\\/abogadopenalenmendoza.com.ar\\\/abogado\\\/2019\\\/03\\\/26\\\/la-camara-confirmo-a-ramos-padilla-al-frente-de-la-causa-del-falso-abogado-dalessio\\\/#primaryimage\"},\"thumbnailUrl\":\"https:\\\/\\\/abogadopenalenmendoza.com.ar\\\/abogado\\\/wp-content\\\/uploads\\\/2019\\\/03\\\/ramos-padilla-1.jpg\",\"datePublished\":\"2019-03-26T15:46:29+00:00\",\"breadcrumb\":{\"@id\":\"https:\\\/\\\/abogadopenalenmendoza.com.ar\\\/abogado\\\/2019\\\/03\\\/26\\\/la-camara-confirmo-a-ramos-padilla-al-frente-de-la-causa-del-falso-abogado-dalessio\\\/#breadcrumb\"},\"inLanguage\":\"es-AR\",\"potentialAction\":[{\"@type\":\"ReadAction\",\"target\":[\"https:\\\/\\\/abogadopenalenmendoza.com.ar\\\/abogado\\\/2019\\\/03\\\/26\\\/la-camara-confirmo-a-ramos-padilla-al-frente-de-la-causa-del-falso-abogado-dalessio\\\/\"]}]},{\"@type\":\"ImageObject\",\"inLanguage\":\"es-AR\",\"@id\":\"https:\\\/\\\/abogadopenalenmendoza.com.ar\\\/abogado\\\/2019\\\/03\\\/26\\\/la-camara-confirmo-a-ramos-padilla-al-frente-de-la-causa-del-falso-abogado-dalessio\\\/#primaryimage\",\"url\":\"https:\\\/\\\/abogadopenalenmendoza.com.ar\\\/abogado\\\/wp-content\\\/uploads\\\/2019\\\/03\\\/ramos-padilla-1.jpg\",\"contentUrl\":\"https:\\\/\\\/abogadopenalenmendoza.com.ar\\\/abogado\\\/wp-content\\\/uploads\\\/2019\\\/03\\\/ramos-padilla-1.jpg\",\"width\":750,\"height\":422},{\"@type\":\"BreadcrumbList\",\"@id\":\"https:\\\/\\\/abogadopenalenmendoza.com.ar\\\/abogado\\\/2019\\\/03\\\/26\\\/la-camara-confirmo-a-ramos-padilla-al-frente-de-la-causa-del-falso-abogado-dalessio\\\/#breadcrumb\",\"itemListElement\":[{\"@type\":\"ListItem\",\"position\":1,\"name\":\"Inicio\",\"item\":\"https:\\\/\\\/abogadopenalenmendoza.com.ar\\\/abogado\\\/\"},{\"@type\":\"ListItem\",\"position\":2,\"name\":\"La C\u00e1mara confirm\u00f3 a Ramos Padilla al frente de la causa del falso abogado D&#8217;Alessio\"}]},{\"@type\":\"WebSite\",\"@id\":\"https:\\\/\\\/abogadopenalenmendoza.com.ar\\\/abogado\\\/#website\",\"url\":\"https:\\\/\\\/abogadopenalenmendoza.com.ar\\\/abogado\\\/\",\"name\":\"Ramiro Villalba - Abogado Penal Mendoza\",\"description\":\"\",\"publisher\":{\"@id\":\"https:\\\/\\\/abogadopenalenmendoza.com.ar\\\/abogado\\\/#organization\"},\"potentialAction\":[{\"@type\":\"SearchAction\",\"target\":{\"@type\":\"EntryPoint\",\"urlTemplate\":\"https:\\\/\\\/abogadopenalenmendoza.com.ar\\\/abogado\\\/?s={search_term_string}\"},\"query-input\":{\"@type\":\"PropertyValueSpecification\",\"valueRequired\":true,\"valueName\":\"search_term_string\"}}],\"inLanguage\":\"es-AR\"},{\"@type\":\"Organization\",\"@id\":\"https:\\\/\\\/abogadopenalenmendoza.com.ar\\\/abogado\\\/#organization\",\"name\":\"Ramiro Villalba - Abogado Penal Mendoza\",\"url\":\"https:\\\/\\\/abogadopenalenmendoza.com.ar\\\/abogado\\\/\",\"logo\":{\"@type\":\"ImageObject\",\"inLanguage\":\"es-AR\",\"@id\":\"https:\\\/\\\/abogadopenalenmendoza.com.ar\\\/abogado\\\/#\\\/schema\\\/logo\\\/image\\\/\",\"url\":\"http:\\\/\\\/abogadopenalenmendoza.com.ar\\\/abogado\\\/wp-content\\\/uploads\\\/2021\\\/08\\\/martillo-juicio.fw_-1.png\",\"contentUrl\":\"http:\\\/\\\/abogadopenalenmendoza.com.ar\\\/abogado\\\/wp-content\\\/uploads\\\/2021\\\/08\\\/martillo-juicio.fw_-1.png\",\"width\":630,\"height\":521,\"caption\":\"Ramiro Villalba - Abogado Penal Mendoza\"},\"image\":{\"@id\":\"https:\\\/\\\/abogadopenalenmendoza.com.ar\\\/abogado\\\/#\\\/schema\\\/logo\\\/image\\\/\"}},{\"@type\":\"Person\",\"@id\":\"https:\\\/\\\/abogadopenalenmendoza.com.ar\\\/abogado\\\/#\\\/schema\\\/person\\\/2e1e8beb351c473cfd7a2f3a8abb2e3c\",\"name\":\"Abogado Ramiro Villalba\",\"image\":{\"@type\":\"ImageObject\",\"inLanguage\":\"es-AR\",\"@id\":\"https:\\\/\\\/secure.gravatar.com\\\/avatar\\\/49eb8c708e5a312dcbd67ddc35142c3d17c759fcbe131568ba1a1771f89fe525?s=96&d=mm&r=g\",\"url\":\"https:\\\/\\\/secure.gravatar.com\\\/avatar\\\/49eb8c708e5a312dcbd67ddc35142c3d17c759fcbe131568ba1a1771f89fe525?s=96&d=mm&r=g\",\"contentUrl\":\"https:\\\/\\\/secure.gravatar.com\\\/avatar\\\/49eb8c708e5a312dcbd67ddc35142c3d17c759fcbe131568ba1a1771f89fe525?s=96&d=mm&r=g\",\"caption\":\"Abogado Ramiro Villalba\"},\"url\":\"https:\\\/\\\/abogadopenalenmendoza.com.ar\\\/abogado\\\/author\\\/abogado-ramiro-villalba\\\/\"}]}<\/script>\n<!-- \/ Yoast SEO Premium plugin. -->","yoast_head_json":{"title":"La C\u00e1mara confirm\u00f3 a Ramos Padilla al frente de la causa del falso abogado D'Alessio - Ramiro Villalba - Abogado Penal Mendoza","robots":{"index":"index","follow":"follow","max-snippet":"max-snippet:-1","max-image-preview":"max-image-preview:large","max-video-preview":"max-video-preview:-1"},"canonical":"https:\/\/abogadopenalenmendoza.com.ar\/abogado\/2019\/03\/26\/la-camara-confirmo-a-ramos-padilla-al-frente-de-la-causa-del-falso-abogado-dalessio\/","og_locale":"es_ES","og_type":"article","og_title":"La C\u00e1mara confirm\u00f3 a Ramos Padilla al frente de la causa del falso abogado D'Alessio","og_description":"El fiscal Carlos Stornelli lo hab\u00eda recusado porque cre\u00eda que el magistrado de Dolores era incompetente La C\u00e1mara Federal de Mar del Plata rechaz\u00f3 hoy la primera recusaci\u00f3n que motoriz\u00f3 el fiscal Carlos Stornelli contra el juez federal de Dolores, Alejo Ramos Padilla, que lo cit\u00f3 a indagatoria para interrogarlo en la causa en la","og_url":"https:\/\/abogadopenalenmendoza.com.ar\/abogado\/2019\/03\/26\/la-camara-confirmo-a-ramos-padilla-al-frente-de-la-causa-del-falso-abogado-dalessio\/","og_site_name":"Ramiro Villalba - Abogado Penal Mendoza","article_published_time":"2019-03-26T15:46:29+00:00","og_image":[{"width":750,"height":422,"url":"https:\/\/abogadopenalenmendoza.com.ar\/abogado\/wp-content\/uploads\/2019\/03\/ramos-padilla-1.jpg","type":"image\/jpeg"}],"author":"Abogado Ramiro Villalba","twitter_card":"summary_large_image","twitter_misc":{"Escrito por":"Abogado Ramiro Villalba"},"schema":{"@context":"https:\/\/schema.org","@graph":[{"@type":"Article","@id":"https:\/\/abogadopenalenmendoza.com.ar\/abogado\/2019\/03\/26\/la-camara-confirmo-a-ramos-padilla-al-frente-de-la-causa-del-falso-abogado-dalessio\/#article","isPartOf":{"@id":"https:\/\/abogadopenalenmendoza.com.ar\/abogado\/2019\/03\/26\/la-camara-confirmo-a-ramos-padilla-al-frente-de-la-causa-del-falso-abogado-dalessio\/"},"author":{"name":"Abogado Ramiro Villalba","@id":"https:\/\/abogadopenalenmendoza.com.ar\/abogado\/#\/schema\/person\/2e1e8beb351c473cfd7a2f3a8abb2e3c"},"headline":"La C\u00e1mara confirm\u00f3 a Ramos Padilla al frente de la causa del falso abogado D&#8217;Alessio","datePublished":"2019-03-26T15:46:29+00:00","mainEntityOfPage":{"@id":"https:\/\/abogadopenalenmendoza.com.ar\/abogado\/2019\/03\/26\/la-camara-confirmo-a-ramos-padilla-al-frente-de-la-causa-del-falso-abogado-dalessio\/"},"wordCount":97,"publisher":{"@id":"https:\/\/abogadopenalenmendoza.com.ar\/abogado\/#organization"},"image":{"@id":"https:\/\/abogadopenalenmendoza.com.ar\/abogado\/2019\/03\/26\/la-camara-confirmo-a-ramos-padilla-al-frente-de-la-causa-del-falso-abogado-dalessio\/#primaryimage"},"thumbnailUrl":"https:\/\/abogadopenalenmendoza.com.ar\/abogado\/wp-content\/uploads\/2019\/03\/ramos-padilla-1.jpg","keywords":["juridico","mendoza","penal","penalista","ramiro","villalba"],"articleSection":["Fallos"],"inLanguage":"es-AR"},{"@type":"WebPage","@id":"https:\/\/abogadopenalenmendoza.com.ar\/abogado\/2019\/03\/26\/la-camara-confirmo-a-ramos-padilla-al-frente-de-la-causa-del-falso-abogado-dalessio\/","url":"https:\/\/abogadopenalenmendoza.com.ar\/abogado\/2019\/03\/26\/la-camara-confirmo-a-ramos-padilla-al-frente-de-la-causa-del-falso-abogado-dalessio\/","name":"La C\u00e1mara confirm\u00f3 a Ramos Padilla al frente de la causa del falso abogado D'Alessio - Ramiro Villalba - Abogado Penal Mendoza","isPartOf":{"@id":"https:\/\/abogadopenalenmendoza.com.ar\/abogado\/#website"},"primaryImageOfPage":{"@id":"https:\/\/abogadopenalenmendoza.com.ar\/abogado\/2019\/03\/26\/la-camara-confirmo-a-ramos-padilla-al-frente-de-la-causa-del-falso-abogado-dalessio\/#primaryimage"},"image":{"@id":"https:\/\/abogadopenalenmendoza.com.ar\/abogado\/2019\/03\/26\/la-camara-confirmo-a-ramos-padilla-al-frente-de-la-causa-del-falso-abogado-dalessio\/#primaryimage"},"thumbnailUrl":"https:\/\/abogadopenalenmendoza.com.ar\/abogado\/wp-content\/uploads\/2019\/03\/ramos-padilla-1.jpg","datePublished":"2019-03-26T15:46:29+00:00","breadcrumb":{"@id":"https:\/\/abogadopenalenmendoza.com.ar\/abogado\/2019\/03\/26\/la-camara-confirmo-a-ramos-padilla-al-frente-de-la-causa-del-falso-abogado-dalessio\/#breadcrumb"},"inLanguage":"es-AR","potentialAction":[{"@type":"ReadAction","target":["https:\/\/abogadopenalenmendoza.com.ar\/abogado\/2019\/03\/26\/la-camara-confirmo-a-ramos-padilla-al-frente-de-la-causa-del-falso-abogado-dalessio\/"]}]},{"@type":"ImageObject","inLanguage":"es-AR","@id":"https:\/\/abogadopenalenmendoza.com.ar\/abogado\/2019\/03\/26\/la-camara-confirmo-a-ramos-padilla-al-frente-de-la-causa-del-falso-abogado-dalessio\/#primaryimage","url":"https:\/\/abogadopenalenmendoza.com.ar\/abogado\/wp-content\/uploads\/2019\/03\/ramos-padilla-1.jpg","contentUrl":"https:\/\/abogadopenalenmendoza.com.ar\/abogado\/wp-content\/uploads\/2019\/03\/ramos-padilla-1.jpg","width":750,"height":422},{"@type":"BreadcrumbList","@id":"https:\/\/abogadopenalenmendoza.com.ar\/abogado\/2019\/03\/26\/la-camara-confirmo-a-ramos-padilla-al-frente-de-la-causa-del-falso-abogado-dalessio\/#breadcrumb","itemListElement":[{"@type":"ListItem","position":1,"name":"Inicio","item":"https:\/\/abogadopenalenmendoza.com.ar\/abogado\/"},{"@type":"ListItem","position":2,"name":"La C\u00e1mara confirm\u00f3 a Ramos Padilla al frente de la causa del falso abogado D&#8217;Alessio"}]},{"@type":"WebSite","@id":"https:\/\/abogadopenalenmendoza.com.ar\/abogado\/#website","url":"https:\/\/abogadopenalenmendoza.com.ar\/abogado\/","name":"Ramiro Villalba - Abogado Penal Mendoza","description":"","publisher":{"@id":"https:\/\/abogadopenalenmendoza.com.ar\/abogado\/#organization"},"potentialAction":[{"@type":"SearchAction","target":{"@type":"EntryPoint","urlTemplate":"https:\/\/abogadopenalenmendoza.com.ar\/abogado\/?s={search_term_string}"},"query-input":{"@type":"PropertyValueSpecification","valueRequired":true,"valueName":"search_term_string"}}],"inLanguage":"es-AR"},{"@type":"Organization","@id":"https:\/\/abogadopenalenmendoza.com.ar\/abogado\/#organization","name":"Ramiro Villalba - Abogado Penal Mendoza","url":"https:\/\/abogadopenalenmendoza.com.ar\/abogado\/","logo":{"@type":"ImageObject","inLanguage":"es-AR","@id":"https:\/\/abogadopenalenmendoza.com.ar\/abogado\/#\/schema\/logo\/image\/","url":"http:\/\/abogadopenalenmendoza.com.ar\/abogado\/wp-content\/uploads\/2021\/08\/martillo-juicio.fw_-1.png","contentUrl":"http:\/\/abogadopenalenmendoza.com.ar\/abogado\/wp-content\/uploads\/2021\/08\/martillo-juicio.fw_-1.png","width":630,"height":521,"caption":"Ramiro Villalba - Abogado Penal Mendoza"},"image":{"@id":"https:\/\/abogadopenalenmendoza.com.ar\/abogado\/#\/schema\/logo\/image\/"}},{"@type":"Person","@id":"https:\/\/abogadopenalenmendoza.com.ar\/abogado\/#\/schema\/person\/2e1e8beb351c473cfd7a2f3a8abb2e3c","name":"Abogado Ramiro Villalba","image":{"@type":"ImageObject","inLanguage":"es-AR","@id":"https:\/\/secure.gravatar.com\/avatar\/49eb8c708e5a312dcbd67ddc35142c3d17c759fcbe131568ba1a1771f89fe525?s=96&d=mm&r=g","url":"https:\/\/secure.gravatar.com\/avatar\/49eb8c708e5a312dcbd67ddc35142c3d17c759fcbe131568ba1a1771f89fe525?s=96&d=mm&r=g","contentUrl":"https:\/\/secure.gravatar.com\/avatar\/49eb8c708e5a312dcbd67ddc35142c3d17c759fcbe131568ba1a1771f89fe525?s=96&d=mm&r=g","caption":"Abogado Ramiro Villalba"},"url":"https:\/\/abogadopenalenmendoza.com.ar\/abogado\/author\/abogado-ramiro-villalba\/"}]}},"_links":{"self":[{"href":"https:\/\/abogadopenalenmendoza.com.ar\/abogado\/wp-json\/wp\/v2\/posts\/470","targetHints":{"allow":["GET"]}}],"collection":[{"href":"https:\/\/abogadopenalenmendoza.com.ar\/abogado\/wp-json\/wp\/v2\/posts"}],"about":[{"href":"https:\/\/abogadopenalenmendoza.com.ar\/abogado\/wp-json\/wp\/v2\/types\/post"}],"author":[{"embeddable":true,"href":"https:\/\/abogadopenalenmendoza.com.ar\/abogado\/wp-json\/wp\/v2\/users\/2"}],"replies":[{"embeddable":true,"href":"https:\/\/abogadopenalenmendoza.com.ar\/abogado\/wp-json\/wp\/v2\/comments?post=470"}],"version-history":[{"count":0,"href":"https:\/\/abogadopenalenmendoza.com.ar\/abogado\/wp-json\/wp\/v2\/posts\/470\/revisions"}],"wp:featuredmedia":[{"embeddable":true,"href":"https:\/\/abogadopenalenmendoza.com.ar\/abogado\/wp-json\/wp\/v2\/media\/471"}],"wp:attachment":[{"href":"https:\/\/abogadopenalenmendoza.com.ar\/abogado\/wp-json\/wp\/v2\/media?parent=470"}],"wp:term":[{"taxonomy":"category","embeddable":true,"href":"https:\/\/abogadopenalenmendoza.com.ar\/abogado\/wp-json\/wp\/v2\/categories?post=470"},{"taxonomy":"post_tag","embeddable":true,"href":"https:\/\/abogadopenalenmendoza.com.ar\/abogado\/wp-json\/wp\/v2\/tags?post=470"}],"curies":[{"name":"wp","href":"https:\/\/api.w.org\/{rel}","templated":true}]}}