{"id":196,"date":"2018-04-17T11:28:07","date_gmt":"2018-04-17T14:28:07","guid":{"rendered":"http:\/\/abogadopenalenmendoza.com.ar\/abogado\/?p=196"},"modified":"2018-04-17T11:28:07","modified_gmt":"2018-04-17T14:28:07","slug":"eligieron-nuevas-autoridades-en-el-colegio-de-abogados-y-procuradores","status":"publish","type":"post","link":"https:\/\/abogadopenalenmendoza.com.ar\/abogado\/2018\/04\/17\/eligieron-nuevas-autoridades-en-el-colegio-de-abogados-y-procuradores\/","title":{"rendered":"Eligieron nuevas autoridades en el colegio de abogados y procuradores"},"content":{"rendered":"<p><a href=\"http:\/\/abogadopenalenmendoza.com.ar\/abogado\/wp-content\/uploads\/2018\/04\/image5ad102f0421d8.jpeg\"><img fetchpriority=\"high\" decoding=\"async\" class=\"alignnone size-medium wp-image-197\" src=\"http:\/\/abogadopenalenmendoza.com.ar\/abogado\/wp-content\/uploads\/2018\/04\/image5ad102f0421d8-300x169.jpeg\" alt=\"image5ad102f0421d8\" width=\"300\" height=\"169\"><\/a><\/p>\n<p><strong>Andrea Disparte y Pablo Bittar<\/strong>&nbsp;ser\u00e1n los encargados de conducir el Directorio del Colegio como<strong>&nbsp;presidente y vicepresidente respectivamente desde el&nbsp;mi\u00e9rcoles 2 de mayo<\/strong>&nbsp;y por un per\u00edodo de 2 a\u00f1os. En la lista vencedora, los nombrados fueron acompa\u00f1ados por Alejandra Lanci, Ramiro Villalba, Luciano Su\u00e1rez, Sergio Molina, Corina Cornejo Stewart, Milagros Berti Garc\u00eda, Georgina Guardatti y Franco Maraviglia.<\/p>\n<p>La nota:<\/p>\n<p><a href=\"http:\/\/losandes.com.ar\/article\/view?slug=eligieron-nuevas-autoridades-en-el-colegio-de-abogados-y-procuradores\">http:\/\/losandes.com.ar\/article\/view?slug=eligieron-nuevas-autoridades-en-el-colegio-de-abogados-y-procuradores<\/a><\/p>\n","protected":false},"excerpt":{"rendered":"<p>Andrea Disparte y Pablo Bittar&nbsp;ser\u00e1n los encargados de conducir el Directorio del Colegio como&nbsp;presidente y vicepresidente respectivamente desde el&nbsp;mi\u00e9rcoles 2 de mayo&nbsp;y por un per\u00edodo de 2 a\u00f1os. En la lista vencedora, los nombrados fueron acompa\u00f1ados por Alejandra Lanci, Ramiro Villalba, Luciano Su\u00e1rez, Sergio Molina, Corina Cornejo Stewart, Milagros Berti Garc\u00eda, Georgina Guardatti y Franco<\/p>\n","protected":false},"author":2,"featured_media":412,"comment_status":"open","ping_status":"open","sticky":false,"template":"","format":"standard","meta":{"_joinchat":[],"footnotes":""},"categories":[28],"tags":[2,63,36,37,5,6,7],"class_list":{"0":"post-196","1":"post","2":"type-post","3":"status-publish","4":"format-standard","5":"has-post-thumbnail","7":"category-jornadas","8":"tag-abogado","9":"tag-autoridades-colegio-de-abogados","10":"tag-estudio","11":"tag-juridico","12":"tag-mendoza","13":"tag-penal","14":"tag-penalista"},"yoast_head":"<!-- This site is optimized with the Yoast SEO Premium plugin v24.1 (Yoast SEO v27.3) - https:\/\/yoast.com\/product\/yoast-seo-premium-wordpress\/ -->\n<title>Eligieron nuevas autoridades en el colegio de abogados y procuradores - Ramiro Villalba - Abogado Penal Mendoza<\/title>\n<meta name=\"robots\" content=\"index, follow, max-snippet:-1, max-image-preview:large, max-video-preview:-1\" \/>\n<link rel=\"canonical\" href=\"https:\/\/abogadopenalenmendoza.com.ar\/abogado\/2018\/04\/17\/eligieron-nuevas-autoridades-en-el-colegio-de-abogados-y-procuradores\/\" \/>\n<meta property=\"og:locale\" content=\"es_ES\" \/>\n<meta property=\"og:type\" content=\"article\" \/>\n<meta property=\"og:title\" content=\"Eligieron nuevas autoridades en el colegio de abogados y procuradores\" \/>\n<meta property=\"og:description\" content=\"Andrea Disparte y Pablo Bittar&nbsp;ser\u00e1n los encargados de conducir el Directorio del Colegio como&nbsp;presidente y vicepresidente respectivamente desde el&nbsp;mi\u00e9rcoles 2 de mayo&nbsp;y por un per\u00edodo de 2 a\u00f1os. En la lista vencedora, los nombrados fueron acompa\u00f1ados por Alejandra Lanci, Ramiro Villalba, Luciano Su\u00e1rez, Sergio Molina, Corina Cornejo Stewart, Milagros Berti Garc\u00eda, Georgina Guardatti y Franco\" \/>\n<meta property=\"og:url\" content=\"https:\/\/abogadopenalenmendoza.com.ar\/abogado\/2018\/04\/17\/eligieron-nuevas-autoridades-en-el-colegio-de-abogados-y-procuradores\/\" \/>\n<meta property=\"og:site_name\" content=\"Ramiro Villalba - Abogado Penal Mendoza\" \/>\n<meta property=\"article:published_time\" content=\"2018-04-17T14:28:07+00:00\" \/>\n<meta property=\"og:image\" content=\"https:\/\/abogadopenalenmendoza.com.ar\/abogado\/wp-content\/uploads\/2018\/04\/nuevas-autoridades-en-el-colegio-de-abogados-1-1.jpg\" \/>\n\t<meta property=\"og:image:width\" content=\"300\" \/>\n\t<meta property=\"og:image:height\" content=\"300\" \/>\n\t<meta property=\"og:image:type\" content=\"image\/jpeg\" \/>\n<meta name=\"author\" content=\"Abogado Ramiro Villalba\" \/>\n<meta name=\"twitter:card\" content=\"summary_large_image\" \/>\n<meta name=\"twitter:label1\" content=\"Escrito por\" \/>\n\t<meta name=\"twitter:data1\" content=\"Abogado Ramiro Villalba\" \/>\n<script type=\"application\/ld+json\" class=\"yoast-schema-graph\">{\"@context\":\"https:\\\/\\\/schema.org\",\"@graph\":[{\"@type\":\"Article\",\"@id\":\"https:\\\/\\\/abogadopenalenmendoza.com.ar\\\/abogado\\\/2018\\\/04\\\/17\\\/eligieron-nuevas-autoridades-en-el-colegio-de-abogados-y-procuradores\\\/#article\",\"isPartOf\":{\"@id\":\"https:\\\/\\\/abogadopenalenmendoza.com.ar\\\/abogado\\\/2018\\\/04\\\/17\\\/eligieron-nuevas-autoridades-en-el-colegio-de-abogados-y-procuradores\\\/\"},\"author\":{\"name\":\"Abogado Ramiro Villalba\",\"@id\":\"https:\\\/\\\/abogadopenalenmendoza.com.ar\\\/abogado\\\/#\\\/schema\\\/person\\\/2e1e8beb351c473cfd7a2f3a8abb2e3c\"},\"headline\":\"Eligieron nuevas autoridades en el colegio de abogados y procuradores\",\"datePublished\":\"2018-04-17T14:28:07+00:00\",\"mainEntityOfPage\":{\"@id\":\"https:\\\/\\\/abogadopenalenmendoza.com.ar\\\/abogado\\\/2018\\\/04\\\/17\\\/eligieron-nuevas-autoridades-en-el-colegio-de-abogados-y-procuradores\\\/\"},\"wordCount\":89,\"commentCount\":0,\"publisher\":{\"@id\":\"https:\\\/\\\/abogadopenalenmendoza.com.ar\\\/abogado\\\/#organization\"},\"image\":{\"@id\":\"https:\\\/\\\/abogadopenalenmendoza.com.ar\\\/abogado\\\/2018\\\/04\\\/17\\\/eligieron-nuevas-autoridades-en-el-colegio-de-abogados-y-procuradores\\\/#primaryimage\"},\"thumbnailUrl\":\"https:\\\/\\\/abogadopenalenmendoza.com.ar\\\/abogado\\\/wp-content\\\/uploads\\\/2018\\\/04\\\/nuevas-autoridades-en-el-colegio-de-abogados-1-1.jpg\",\"keywords\":[\"abogado\",\"autoridades colegio de abogados\",\"estudio\",\"juridico\",\"mendoza\",\"penal\",\"penalista\"],\"articleSection\":[\"Jornadas\"],\"inLanguage\":\"es-AR\"},{\"@type\":\"WebPage\",\"@id\":\"https:\\\/\\\/abogadopenalenmendoza.com.ar\\\/abogado\\\/2018\\\/04\\\/17\\\/eligieron-nuevas-autoridades-en-el-colegio-de-abogados-y-procuradores\\\/\",\"url\":\"https:\\\/\\\/abogadopenalenmendoza.com.ar\\\/abogado\\\/2018\\\/04\\\/17\\\/eligieron-nuevas-autoridades-en-el-colegio-de-abogados-y-procuradores\\\/\",\"name\":\"Eligieron nuevas autoridades en el colegio de abogados y procuradores - Ramiro Villalba - Abogado Penal Mendoza\",\"isPartOf\":{\"@id\":\"https:\\\/\\\/abogadopenalenmendoza.com.ar\\\/abogado\\\/#website\"},\"primaryImageOfPage\":{\"@id\":\"https:\\\/\\\/abogadopenalenmendoza.com.ar\\\/abogado\\\/2018\\\/04\\\/17\\\/eligieron-nuevas-autoridades-en-el-colegio-de-abogados-y-procuradores\\\/#primaryimage\"},\"image\":{\"@id\":\"https:\\\/\\\/abogadopenalenmendoza.com.ar\\\/abogado\\\/2018\\\/04\\\/17\\\/eligieron-nuevas-autoridades-en-el-colegio-de-abogados-y-procuradores\\\/#primaryimage\"},\"thumbnailUrl\":\"https:\\\/\\\/abogadopenalenmendoza.com.ar\\\/abogado\\\/wp-content\\\/uploads\\\/2018\\\/04\\\/nuevas-autoridades-en-el-colegio-de-abogados-1-1.jpg\",\"datePublished\":\"2018-04-17T14:28:07+00:00\",\"breadcrumb\":{\"@id\":\"https:\\\/\\\/abogadopenalenmendoza.com.ar\\\/abogado\\\/2018\\\/04\\\/17\\\/eligieron-nuevas-autoridades-en-el-colegio-de-abogados-y-procuradores\\\/#breadcrumb\"},\"inLanguage\":\"es-AR\",\"potentialAction\":[{\"@type\":\"ReadAction\",\"target\":[\"https:\\\/\\\/abogadopenalenmendoza.com.ar\\\/abogado\\\/2018\\\/04\\\/17\\\/eligieron-nuevas-autoridades-en-el-colegio-de-abogados-y-procuradores\\\/\"]}]},{\"@type\":\"ImageObject\",\"inLanguage\":\"es-AR\",\"@id\":\"https:\\\/\\\/abogadopenalenmendoza.com.ar\\\/abogado\\\/2018\\\/04\\\/17\\\/eligieron-nuevas-autoridades-en-el-colegio-de-abogados-y-procuradores\\\/#primaryimage\",\"url\":\"https:\\\/\\\/abogadopenalenmendoza.com.ar\\\/abogado\\\/wp-content\\\/uploads\\\/2018\\\/04\\\/nuevas-autoridades-en-el-colegio-de-abogados-1-1.jpg\",\"contentUrl\":\"https:\\\/\\\/abogadopenalenmendoza.com.ar\\\/abogado\\\/wp-content\\\/uploads\\\/2018\\\/04\\\/nuevas-autoridades-en-el-colegio-de-abogados-1-1.jpg\",\"width\":300,\"height\":300,\"caption\":\"Nuevas autoridades en el colegio de abogados\"},{\"@type\":\"BreadcrumbList\",\"@id\":\"https:\\\/\\\/abogadopenalenmendoza.com.ar\\\/abogado\\\/2018\\\/04\\\/17\\\/eligieron-nuevas-autoridades-en-el-colegio-de-abogados-y-procuradores\\\/#breadcrumb\",\"itemListElement\":[{\"@type\":\"ListItem\",\"position\":1,\"name\":\"Inicio\",\"item\":\"https:\\\/\\\/abogadopenalenmendoza.com.ar\\\/abogado\\\/\"},{\"@type\":\"ListItem\",\"position\":2,\"name\":\"Eligieron nuevas autoridades en el colegio de abogados y procuradores\"}]},{\"@type\":\"WebSite\",\"@id\":\"https:\\\/\\\/abogadopenalenmendoza.com.ar\\\/abogado\\\/#website\",\"url\":\"https:\\\/\\\/abogadopenalenmendoza.com.ar\\\/abogado\\\/\",\"name\":\"Ramiro Villalba - Abogado Penal Mendoza\",\"description\":\"\",\"publisher\":{\"@id\":\"https:\\\/\\\/abogadopenalenmendoza.com.ar\\\/abogado\\\/#organization\"},\"potentialAction\":[{\"@type\":\"SearchAction\",\"target\":{\"@type\":\"EntryPoint\",\"urlTemplate\":\"https:\\\/\\\/abogadopenalenmendoza.com.ar\\\/abogado\\\/?s={search_term_string}\"},\"query-input\":{\"@type\":\"PropertyValueSpecification\",\"valueRequired\":true,\"valueName\":\"search_term_string\"}}],\"inLanguage\":\"es-AR\"},{\"@type\":\"Organization\",\"@id\":\"https:\\\/\\\/abogadopenalenmendoza.com.ar\\\/abogado\\\/#organization\",\"name\":\"Ramiro Villalba - Abogado Penal Mendoza\",\"url\":\"https:\\\/\\\/abogadopenalenmendoza.com.ar\\\/abogado\\\/\",\"logo\":{\"@type\":\"ImageObject\",\"inLanguage\":\"es-AR\",\"@id\":\"https:\\\/\\\/abogadopenalenmendoza.com.ar\\\/abogado\\\/#\\\/schema\\\/logo\\\/image\\\/\",\"url\":\"http:\\\/\\\/abogadopenalenmendoza.com.ar\\\/abogado\\\/wp-content\\\/uploads\\\/2021\\\/08\\\/martillo-juicio.fw_-1.png\",\"contentUrl\":\"http:\\\/\\\/abogadopenalenmendoza.com.ar\\\/abogado\\\/wp-content\\\/uploads\\\/2021\\\/08\\\/martillo-juicio.fw_-1.png\",\"width\":630,\"height\":521,\"caption\":\"Ramiro Villalba - Abogado Penal Mendoza\"},\"image\":{\"@id\":\"https:\\\/\\\/abogadopenalenmendoza.com.ar\\\/abogado\\\/#\\\/schema\\\/logo\\\/image\\\/\"}},{\"@type\":\"Person\",\"@id\":\"https:\\\/\\\/abogadopenalenmendoza.com.ar\\\/abogado\\\/#\\\/schema\\\/person\\\/2e1e8beb351c473cfd7a2f3a8abb2e3c\",\"name\":\"Abogado Ramiro Villalba\",\"image\":{\"@type\":\"ImageObject\",\"inLanguage\":\"es-AR\",\"@id\":\"https:\\\/\\\/secure.gravatar.com\\\/avatar\\\/49eb8c708e5a312dcbd67ddc35142c3d17c759fcbe131568ba1a1771f89fe525?s=96&d=mm&r=g\",\"url\":\"https:\\\/\\\/secure.gravatar.com\\\/avatar\\\/49eb8c708e5a312dcbd67ddc35142c3d17c759fcbe131568ba1a1771f89fe525?s=96&d=mm&r=g\",\"contentUrl\":\"https:\\\/\\\/secure.gravatar.com\\\/avatar\\\/49eb8c708e5a312dcbd67ddc35142c3d17c759fcbe131568ba1a1771f89fe525?s=96&d=mm&r=g\",\"caption\":\"Abogado Ramiro Villalba\"},\"url\":\"https:\\\/\\\/abogadopenalenmendoza.com.ar\\\/abogado\\\/author\\\/abogado-ramiro-villalba\\\/\"}]}<\/script>\n<!-- \/ Yoast SEO Premium plugin. -->","yoast_head_json":{"title":"Eligieron nuevas autoridades en el colegio de abogados y procuradores - Ramiro Villalba - Abogado Penal Mendoza","robots":{"index":"index","follow":"follow","max-snippet":"max-snippet:-1","max-image-preview":"max-image-preview:large","max-video-preview":"max-video-preview:-1"},"canonical":"https:\/\/abogadopenalenmendoza.com.ar\/abogado\/2018\/04\/17\/eligieron-nuevas-autoridades-en-el-colegio-de-abogados-y-procuradores\/","og_locale":"es_ES","og_type":"article","og_title":"Eligieron nuevas autoridades en el colegio de abogados y procuradores","og_description":"Andrea Disparte y Pablo Bittar&nbsp;ser\u00e1n los encargados de conducir el Directorio del Colegio como&nbsp;presidente y vicepresidente respectivamente desde el&nbsp;mi\u00e9rcoles 2 de mayo&nbsp;y por un per\u00edodo de 2 a\u00f1os. En la lista vencedora, los nombrados fueron acompa\u00f1ados por Alejandra Lanci, Ramiro Villalba, Luciano Su\u00e1rez, Sergio Molina, Corina Cornejo Stewart, Milagros Berti Garc\u00eda, Georgina Guardatti y Franco","og_url":"https:\/\/abogadopenalenmendoza.com.ar\/abogado\/2018\/04\/17\/eligieron-nuevas-autoridades-en-el-colegio-de-abogados-y-procuradores\/","og_site_name":"Ramiro Villalba - Abogado Penal Mendoza","article_published_time":"2018-04-17T14:28:07+00:00","og_image":[{"width":300,"height":300,"url":"https:\/\/abogadopenalenmendoza.com.ar\/abogado\/wp-content\/uploads\/2018\/04\/nuevas-autoridades-en-el-colegio-de-abogados-1-1.jpg","type":"image\/jpeg"}],"author":"Abogado Ramiro Villalba","twitter_card":"summary_large_image","twitter_misc":{"Escrito por":"Abogado Ramiro Villalba"},"schema":{"@context":"https:\/\/schema.org","@graph":[{"@type":"Article","@id":"https:\/\/abogadopenalenmendoza.com.ar\/abogado\/2018\/04\/17\/eligieron-nuevas-autoridades-en-el-colegio-de-abogados-y-procuradores\/#article","isPartOf":{"@id":"https:\/\/abogadopenalenmendoza.com.ar\/abogado\/2018\/04\/17\/eligieron-nuevas-autoridades-en-el-colegio-de-abogados-y-procuradores\/"},"author":{"name":"Abogado Ramiro Villalba","@id":"https:\/\/abogadopenalenmendoza.com.ar\/abogado\/#\/schema\/person\/2e1e8beb351c473cfd7a2f3a8abb2e3c"},"headline":"Eligieron nuevas autoridades en el colegio de abogados y procuradores","datePublished":"2018-04-17T14:28:07+00:00","mainEntityOfPage":{"@id":"https:\/\/abogadopenalenmendoza.com.ar\/abogado\/2018\/04\/17\/eligieron-nuevas-autoridades-en-el-colegio-de-abogados-y-procuradores\/"},"wordCount":89,"commentCount":0,"publisher":{"@id":"https:\/\/abogadopenalenmendoza.com.ar\/abogado\/#organization"},"image":{"@id":"https:\/\/abogadopenalenmendoza.com.ar\/abogado\/2018\/04\/17\/eligieron-nuevas-autoridades-en-el-colegio-de-abogados-y-procuradores\/#primaryimage"},"thumbnailUrl":"https:\/\/abogadopenalenmendoza.com.ar\/abogado\/wp-content\/uploads\/2018\/04\/nuevas-autoridades-en-el-colegio-de-abogados-1-1.jpg","keywords":["abogado","autoridades colegio de abogados","estudio","juridico","mendoza","penal","penalista"],"articleSection":["Jornadas"],"inLanguage":"es-AR"},{"@type":"WebPage","@id":"https:\/\/abogadopenalenmendoza.com.ar\/abogado\/2018\/04\/17\/eligieron-nuevas-autoridades-en-el-colegio-de-abogados-y-procuradores\/","url":"https:\/\/abogadopenalenmendoza.com.ar\/abogado\/2018\/04\/17\/eligieron-nuevas-autoridades-en-el-colegio-de-abogados-y-procuradores\/","name":"Eligieron nuevas autoridades en el colegio de abogados y procuradores - Ramiro Villalba - Abogado Penal Mendoza","isPartOf":{"@id":"https:\/\/abogadopenalenmendoza.com.ar\/abogado\/#website"},"primaryImageOfPage":{"@id":"https:\/\/abogadopenalenmendoza.com.ar\/abogado\/2018\/04\/17\/eligieron-nuevas-autoridades-en-el-colegio-de-abogados-y-procuradores\/#primaryimage"},"image":{"@id":"https:\/\/abogadopenalenmendoza.com.ar\/abogado\/2018\/04\/17\/eligieron-nuevas-autoridades-en-el-colegio-de-abogados-y-procuradores\/#primaryimage"},"thumbnailUrl":"https:\/\/abogadopenalenmendoza.com.ar\/abogado\/wp-content\/uploads\/2018\/04\/nuevas-autoridades-en-el-colegio-de-abogados-1-1.jpg","datePublished":"2018-04-17T14:28:07+00:00","breadcrumb":{"@id":"https:\/\/abogadopenalenmendoza.com.ar\/abogado\/2018\/04\/17\/eligieron-nuevas-autoridades-en-el-colegio-de-abogados-y-procuradores\/#breadcrumb"},"inLanguage":"es-AR","potentialAction":[{"@type":"ReadAction","target":["https:\/\/abogadopenalenmendoza.com.ar\/abogado\/2018\/04\/17\/eligieron-nuevas-autoridades-en-el-colegio-de-abogados-y-procuradores\/"]}]},{"@type":"ImageObject","inLanguage":"es-AR","@id":"https:\/\/abogadopenalenmendoza.com.ar\/abogado\/2018\/04\/17\/eligieron-nuevas-autoridades-en-el-colegio-de-abogados-y-procuradores\/#primaryimage","url":"https:\/\/abogadopenalenmendoza.com.ar\/abogado\/wp-content\/uploads\/2018\/04\/nuevas-autoridades-en-el-colegio-de-abogados-1-1.jpg","contentUrl":"https:\/\/abogadopenalenmendoza.com.ar\/abogado\/wp-content\/uploads\/2018\/04\/nuevas-autoridades-en-el-colegio-de-abogados-1-1.jpg","width":300,"height":300,"caption":"Nuevas autoridades en el colegio de abogados"},{"@type":"BreadcrumbList","@id":"https:\/\/abogadopenalenmendoza.com.ar\/abogado\/2018\/04\/17\/eligieron-nuevas-autoridades-en-el-colegio-de-abogados-y-procuradores\/#breadcrumb","itemListElement":[{"@type":"ListItem","position":1,"name":"Inicio","item":"https:\/\/abogadopenalenmendoza.com.ar\/abogado\/"},{"@type":"ListItem","position":2,"name":"Eligieron nuevas autoridades en el colegio de abogados y procuradores"}]},{"@type":"WebSite","@id":"https:\/\/abogadopenalenmendoza.com.ar\/abogado\/#website","url":"https:\/\/abogadopenalenmendoza.com.ar\/abogado\/","name":"Ramiro Villalba - Abogado Penal Mendoza","description":"","publisher":{"@id":"https:\/\/abogadopenalenmendoza.com.ar\/abogado\/#organization"},"potentialAction":[{"@type":"SearchAction","target":{"@type":"EntryPoint","urlTemplate":"https:\/\/abogadopenalenmendoza.com.ar\/abogado\/?s={search_term_string}"},"query-input":{"@type":"PropertyValueSpecification","valueRequired":true,"valueName":"search_term_string"}}],"inLanguage":"es-AR"},{"@type":"Organization","@id":"https:\/\/abogadopenalenmendoza.com.ar\/abogado\/#organization","name":"Ramiro Villalba - Abogado Penal Mendoza","url":"https:\/\/abogadopenalenmendoza.com.ar\/abogado\/","logo":{"@type":"ImageObject","inLanguage":"es-AR","@id":"https:\/\/abogadopenalenmendoza.com.ar\/abogado\/#\/schema\/logo\/image\/","url":"http:\/\/abogadopenalenmendoza.com.ar\/abogado\/wp-content\/uploads\/2021\/08\/martillo-juicio.fw_-1.png","contentUrl":"http:\/\/abogadopenalenmendoza.com.ar\/abogado\/wp-content\/uploads\/2021\/08\/martillo-juicio.fw_-1.png","width":630,"height":521,"caption":"Ramiro Villalba - Abogado Penal Mendoza"},"image":{"@id":"https:\/\/abogadopenalenmendoza.com.ar\/abogado\/#\/schema\/logo\/image\/"}},{"@type":"Person","@id":"https:\/\/abogadopenalenmendoza.com.ar\/abogado\/#\/schema\/person\/2e1e8beb351c473cfd7a2f3a8abb2e3c","name":"Abogado Ramiro Villalba","image":{"@type":"ImageObject","inLanguage":"es-AR","@id":"https:\/\/secure.gravatar.com\/avatar\/49eb8c708e5a312dcbd67ddc35142c3d17c759fcbe131568ba1a1771f89fe525?s=96&d=mm&r=g","url":"https:\/\/secure.gravatar.com\/avatar\/49eb8c708e5a312dcbd67ddc35142c3d17c759fcbe131568ba1a1771f89fe525?s=96&d=mm&r=g","contentUrl":"https:\/\/secure.gravatar.com\/avatar\/49eb8c708e5a312dcbd67ddc35142c3d17c759fcbe131568ba1a1771f89fe525?s=96&d=mm&r=g","caption":"Abogado Ramiro Villalba"},"url":"https:\/\/abogadopenalenmendoza.com.ar\/abogado\/author\/abogado-ramiro-villalba\/"}]}},"_links":{"self":[{"href":"https:\/\/abogadopenalenmendoza.com.ar\/abogado\/wp-json\/wp\/v2\/posts\/196","targetHints":{"allow":["GET"]}}],"collection":[{"href":"https:\/\/abogadopenalenmendoza.com.ar\/abogado\/wp-json\/wp\/v2\/posts"}],"about":[{"href":"https:\/\/abogadopenalenmendoza.com.ar\/abogado\/wp-json\/wp\/v2\/types\/post"}],"author":[{"embeddable":true,"href":"https:\/\/abogadopenalenmendoza.com.ar\/abogado\/wp-json\/wp\/v2\/users\/2"}],"replies":[{"embeddable":true,"href":"https:\/\/abogadopenalenmendoza.com.ar\/abogado\/wp-json\/wp\/v2\/comments?post=196"}],"version-history":[{"count":0,"href":"https:\/\/abogadopenalenmendoza.com.ar\/abogado\/wp-json\/wp\/v2\/posts\/196\/revisions"}],"wp:featuredmedia":[{"embeddable":true,"href":"https:\/\/abogadopenalenmendoza.com.ar\/abogado\/wp-json\/wp\/v2\/media\/412"}],"wp:attachment":[{"href":"https:\/\/abogadopenalenmendoza.com.ar\/abogado\/wp-json\/wp\/v2\/media?parent=196"}],"wp:term":[{"taxonomy":"category","embeddable":true,"href":"https:\/\/abogadopenalenmendoza.com.ar\/abogado\/wp-json\/wp\/v2\/categories?post=196"},{"taxonomy":"post_tag","embeddable":true,"href":"https:\/\/abogadopenalenmendoza.com.ar\/abogado\/wp-json\/wp\/v2\/tags?post=196"}],"curies":[{"name":"wp","href":"https:\/\/api.w.org\/{rel}","templated":true}]}}