{"id":128,"date":"2017-10-13T02:03:58","date_gmt":"2017-10-13T05:03:58","guid":{"rendered":"http:\/\/abogadopenalenmendoza.com.ar\/abogado\/?p=128"},"modified":"2017-10-13T02:03:58","modified_gmt":"2017-10-13T05:03:58","slug":"inigo-ortiz-de-urbina-un-rubio-con-cuchillo-va-a-un-asado-un-moreno-va-a-robar","status":"publish","type":"post","link":"https:\/\/abogadopenalenmendoza.com.ar\/abogado\/2017\/10\/13\/inigo-ortiz-de-urbina-un-rubio-con-cuchillo-va-a-un-asado-un-moreno-va-a-robar\/","title":{"rendered":"I\u00f1igo Ortiz de Urbina: \u201cUn rubio con cuchillo, va a un asado; un moreno, va a robar\u201d"},"content":{"rendered":"<p>\u201c\u00bfQui\u00e9n causa m\u00e1s da\u00f1o, el que comete el delito o quien genera las condiciones para que se cometa? Los primeros salen en policiales\u2026los segundos, en pol\u00edtica!!! Inigualable entrevista al catedr\u00e1tico espa\u00f1ol I\u00f1igo Ortiz de Urbina.\u201d<\/p>\n<p>Ver nota completa:<\/p>\n<p><a href=\"https:\/\/losandes.com.ar\/article\/view?slug=inigo-ortiz-de-urbina-un-rubio-con-cuchillo-va-a-un-asado-un-moreno-va-a-robar\">https:\/\/losandes.com.ar\/article\/view?slug=inigo-ortiz-de-urbina-un-rubio-con-cuchillo-va-a-un-asado-un-moreno-va-a-robar<\/a><\/p>\n<p>&nbsp;<\/p>\n","protected":false},"excerpt":{"rendered":"<p>\u201c\u00bfQui\u00e9n causa m\u00e1s da\u00f1o, el que comete el delito o quien genera las condiciones para que se cometa? Los primeros salen en policiales\u2026los segundos, en pol\u00edtica!!! Inigualable entrevista al catedr\u00e1tico espa\u00f1ol I\u00f1igo Ortiz de Urbina.\u201d Ver nota completa: https:\/\/losandes.com.ar\/article\/view?slug=inigo-ortiz-de-urbina-un-rubio-con-cuchillo-va-a-un-asado-un-moreno-va-a-robar &nbsp;<\/p>\n","protected":false},"author":2,"featured_media":0,"comment_status":"open","ping_status":"open","sticky":false,"template":"","format":"standard","meta":{"_joinchat":[],"footnotes":""},"categories":[1],"tags":[2,37,5,6,7,47],"class_list":{"0":"post-128","1":"post","2":"type-post","3":"status-publish","4":"format-standard","6":"category-sin-categoria","7":"tag-abogado","8":"tag-juridico","9":"tag-mendoza","10":"tag-penal","11":"tag-penalista","12":"tag-ramiro-villaba"},"yoast_head":"<!-- This site is optimized with the Yoast SEO Premium plugin v24.1 (Yoast SEO v27.3) - https:\/\/yoast.com\/product\/yoast-seo-premium-wordpress\/ -->\n<title>I\u00f1igo Ortiz de Urbina: \u201cUn rubio con cuchillo, va a un asado; un moreno, va a robar\u201d - Ramiro Villalba - Abogado Penal Mendoza<\/title>\n<meta name=\"robots\" content=\"index, follow, max-snippet:-1, max-image-preview:large, max-video-preview:-1\" \/>\n<link rel=\"canonical\" href=\"https:\/\/abogadopenalenmendoza.com.ar\/abogado\/2017\/10\/13\/inigo-ortiz-de-urbina-un-rubio-con-cuchillo-va-a-un-asado-un-moreno-va-a-robar\/\" \/>\n<meta property=\"og:locale\" content=\"es_ES\" \/>\n<meta property=\"og:type\" content=\"article\" \/>\n<meta property=\"og:title\" content=\"I\u00f1igo Ortiz de Urbina: \u201cUn rubio con cuchillo, va a un asado; un moreno, va a robar\u201d\" \/>\n<meta property=\"og:description\" content=\"\u201c\u00bfQui\u00e9n causa m\u00e1s da\u00f1o, el que comete el delito o quien genera las condiciones para que se cometa? Los primeros salen en policiales\u2026los segundos, en pol\u00edtica!!! Inigualable entrevista al catedr\u00e1tico espa\u00f1ol I\u00f1igo Ortiz de Urbina.\u201d Ver nota completa: https:\/\/losandes.com.ar\/article\/view?slug=inigo-ortiz-de-urbina-un-rubio-con-cuchillo-va-a-un-asado-un-moreno-va-a-robar &nbsp;\" \/>\n<meta property=\"og:url\" content=\"https:\/\/abogadopenalenmendoza.com.ar\/abogado\/2017\/10\/13\/inigo-ortiz-de-urbina-un-rubio-con-cuchillo-va-a-un-asado-un-moreno-va-a-robar\/\" \/>\n<meta property=\"og:site_name\" content=\"Ramiro Villalba - Abogado Penal Mendoza\" \/>\n<meta property=\"article:published_time\" content=\"2017-10-13T05:03:58+00:00\" \/>\n<meta name=\"author\" content=\"Abogado Ramiro Villalba\" \/>\n<meta name=\"twitter:card\" content=\"summary_large_image\" \/>\n<meta name=\"twitter:label1\" content=\"Escrito por\" \/>\n\t<meta name=\"twitter:data1\" content=\"Abogado Ramiro Villalba\" \/>\n<script type=\"application\/ld+json\" class=\"yoast-schema-graph\">{\"@context\":\"https:\\\/\\\/schema.org\",\"@graph\":[{\"@type\":\"Article\",\"@id\":\"https:\\\/\\\/abogadopenalenmendoza.com.ar\\\/abogado\\\/2017\\\/10\\\/13\\\/inigo-ortiz-de-urbina-un-rubio-con-cuchillo-va-a-un-asado-un-moreno-va-a-robar\\\/#article\",\"isPartOf\":{\"@id\":\"https:\\\/\\\/abogadopenalenmendoza.com.ar\\\/abogado\\\/2017\\\/10\\\/13\\\/inigo-ortiz-de-urbina-un-rubio-con-cuchillo-va-a-un-asado-un-moreno-va-a-robar\\\/\"},\"author\":{\"name\":\"Abogado Ramiro Villalba\",\"@id\":\"https:\\\/\\\/abogadopenalenmendoza.com.ar\\\/abogado\\\/#\\\/schema\\\/person\\\/2e1e8beb351c473cfd7a2f3a8abb2e3c\"},\"headline\":\"I\u00f1igo Ortiz de Urbina: \u201cUn rubio con cuchillo, va a un asado; un moreno, va a robar\u201d\",\"datePublished\":\"2017-10-13T05:03:58+00:00\",\"mainEntityOfPage\":{\"@id\":\"https:\\\/\\\/abogadopenalenmendoza.com.ar\\\/abogado\\\/2017\\\/10\\\/13\\\/inigo-ortiz-de-urbina-un-rubio-con-cuchillo-va-a-un-asado-un-moreno-va-a-robar\\\/\"},\"wordCount\":73,\"commentCount\":0,\"publisher\":{\"@id\":\"https:\\\/\\\/abogadopenalenmendoza.com.ar\\\/abogado\\\/#organization\"},\"keywords\":[\"abogado\",\"juridico\",\"mendoza\",\"penal\",\"penalista\",\"ramiro villaba\"],\"inLanguage\":\"es-AR\"},{\"@type\":\"WebPage\",\"@id\":\"https:\\\/\\\/abogadopenalenmendoza.com.ar\\\/abogado\\\/2017\\\/10\\\/13\\\/inigo-ortiz-de-urbina-un-rubio-con-cuchillo-va-a-un-asado-un-moreno-va-a-robar\\\/\",\"url\":\"https:\\\/\\\/abogadopenalenmendoza.com.ar\\\/abogado\\\/2017\\\/10\\\/13\\\/inigo-ortiz-de-urbina-un-rubio-con-cuchillo-va-a-un-asado-un-moreno-va-a-robar\\\/\",\"name\":\"I\u00f1igo Ortiz de Urbina: \u201cUn rubio con cuchillo, va a un asado; un moreno, va a robar\u201d - Ramiro Villalba - Abogado Penal Mendoza\",\"isPartOf\":{\"@id\":\"https:\\\/\\\/abogadopenalenmendoza.com.ar\\\/abogado\\\/#website\"},\"datePublished\":\"2017-10-13T05:03:58+00:00\",\"breadcrumb\":{\"@id\":\"https:\\\/\\\/abogadopenalenmendoza.com.ar\\\/abogado\\\/2017\\\/10\\\/13\\\/inigo-ortiz-de-urbina-un-rubio-con-cuchillo-va-a-un-asado-un-moreno-va-a-robar\\\/#breadcrumb\"},\"inLanguage\":\"es-AR\",\"potentialAction\":[{\"@type\":\"ReadAction\",\"target\":[\"https:\\\/\\\/abogadopenalenmendoza.com.ar\\\/abogado\\\/2017\\\/10\\\/13\\\/inigo-ortiz-de-urbina-un-rubio-con-cuchillo-va-a-un-asado-un-moreno-va-a-robar\\\/\"]}]},{\"@type\":\"BreadcrumbList\",\"@id\":\"https:\\\/\\\/abogadopenalenmendoza.com.ar\\\/abogado\\\/2017\\\/10\\\/13\\\/inigo-ortiz-de-urbina-un-rubio-con-cuchillo-va-a-un-asado-un-moreno-va-a-robar\\\/#breadcrumb\",\"itemListElement\":[{\"@type\":\"ListItem\",\"position\":1,\"name\":\"Inicio\",\"item\":\"https:\\\/\\\/abogadopenalenmendoza.com.ar\\\/abogado\\\/\"},{\"@type\":\"ListItem\",\"position\":2,\"name\":\"I\u00f1igo Ortiz de Urbina: \u201cUn rubio con cuchillo, va a un asado; un moreno, va a robar\u201d\"}]},{\"@type\":\"WebSite\",\"@id\":\"https:\\\/\\\/abogadopenalenmendoza.com.ar\\\/abogado\\\/#website\",\"url\":\"https:\\\/\\\/abogadopenalenmendoza.com.ar\\\/abogado\\\/\",\"name\":\"Ramiro Villalba - Abogado Penal Mendoza\",\"description\":\"\",\"publisher\":{\"@id\":\"https:\\\/\\\/abogadopenalenmendoza.com.ar\\\/abogado\\\/#organization\"},\"potentialAction\":[{\"@type\":\"SearchAction\",\"target\":{\"@type\":\"EntryPoint\",\"urlTemplate\":\"https:\\\/\\\/abogadopenalenmendoza.com.ar\\\/abogado\\\/?s={search_term_string}\"},\"query-input\":{\"@type\":\"PropertyValueSpecification\",\"valueRequired\":true,\"valueName\":\"search_term_string\"}}],\"inLanguage\":\"es-AR\"},{\"@type\":\"Organization\",\"@id\":\"https:\\\/\\\/abogadopenalenmendoza.com.ar\\\/abogado\\\/#organization\",\"name\":\"Ramiro Villalba - Abogado Penal Mendoza\",\"url\":\"https:\\\/\\\/abogadopenalenmendoza.com.ar\\\/abogado\\\/\",\"logo\":{\"@type\":\"ImageObject\",\"inLanguage\":\"es-AR\",\"@id\":\"https:\\\/\\\/abogadopenalenmendoza.com.ar\\\/abogado\\\/#\\\/schema\\\/logo\\\/image\\\/\",\"url\":\"http:\\\/\\\/abogadopenalenmendoza.com.ar\\\/abogado\\\/wp-content\\\/uploads\\\/2021\\\/08\\\/martillo-juicio.fw_-1.png\",\"contentUrl\":\"http:\\\/\\\/abogadopenalenmendoza.com.ar\\\/abogado\\\/wp-content\\\/uploads\\\/2021\\\/08\\\/martillo-juicio.fw_-1.png\",\"width\":630,\"height\":521,\"caption\":\"Ramiro Villalba - Abogado Penal Mendoza\"},\"image\":{\"@id\":\"https:\\\/\\\/abogadopenalenmendoza.com.ar\\\/abogado\\\/#\\\/schema\\\/logo\\\/image\\\/\"}},{\"@type\":\"Person\",\"@id\":\"https:\\\/\\\/abogadopenalenmendoza.com.ar\\\/abogado\\\/#\\\/schema\\\/person\\\/2e1e8beb351c473cfd7a2f3a8abb2e3c\",\"name\":\"Abogado Ramiro Villalba\",\"image\":{\"@type\":\"ImageObject\",\"inLanguage\":\"es-AR\",\"@id\":\"https:\\\/\\\/secure.gravatar.com\\\/avatar\\\/49eb8c708e5a312dcbd67ddc35142c3d17c759fcbe131568ba1a1771f89fe525?s=96&d=mm&r=g\",\"url\":\"https:\\\/\\\/secure.gravatar.com\\\/avatar\\\/49eb8c708e5a312dcbd67ddc35142c3d17c759fcbe131568ba1a1771f89fe525?s=96&d=mm&r=g\",\"contentUrl\":\"https:\\\/\\\/secure.gravatar.com\\\/avatar\\\/49eb8c708e5a312dcbd67ddc35142c3d17c759fcbe131568ba1a1771f89fe525?s=96&d=mm&r=g\",\"caption\":\"Abogado Ramiro Villalba\"},\"url\":\"https:\\\/\\\/abogadopenalenmendoza.com.ar\\\/abogado\\\/author\\\/abogado-ramiro-villalba\\\/\"}]}<\/script>\n<!-- \/ Yoast SEO Premium plugin. -->","yoast_head_json":{"title":"I\u00f1igo Ortiz de Urbina: \u201cUn rubio con cuchillo, va a un asado; un moreno, va a robar\u201d - Ramiro Villalba - Abogado Penal Mendoza","robots":{"index":"index","follow":"follow","max-snippet":"max-snippet:-1","max-image-preview":"max-image-preview:large","max-video-preview":"max-video-preview:-1"},"canonical":"https:\/\/abogadopenalenmendoza.com.ar\/abogado\/2017\/10\/13\/inigo-ortiz-de-urbina-un-rubio-con-cuchillo-va-a-un-asado-un-moreno-va-a-robar\/","og_locale":"es_ES","og_type":"article","og_title":"I\u00f1igo Ortiz de Urbina: \u201cUn rubio con cuchillo, va a un asado; un moreno, va a robar\u201d","og_description":"\u201c\u00bfQui\u00e9n causa m\u00e1s da\u00f1o, el que comete el delito o quien genera las condiciones para que se cometa? Los primeros salen en policiales\u2026los segundos, en pol\u00edtica!!! Inigualable entrevista al catedr\u00e1tico espa\u00f1ol I\u00f1igo Ortiz de Urbina.\u201d Ver nota completa: https:\/\/losandes.com.ar\/article\/view?slug=inigo-ortiz-de-urbina-un-rubio-con-cuchillo-va-a-un-asado-un-moreno-va-a-robar &nbsp;","og_url":"https:\/\/abogadopenalenmendoza.com.ar\/abogado\/2017\/10\/13\/inigo-ortiz-de-urbina-un-rubio-con-cuchillo-va-a-un-asado-un-moreno-va-a-robar\/","og_site_name":"Ramiro Villalba - Abogado Penal Mendoza","article_published_time":"2017-10-13T05:03:58+00:00","author":"Abogado Ramiro Villalba","twitter_card":"summary_large_image","twitter_misc":{"Escrito por":"Abogado Ramiro Villalba"},"schema":{"@context":"https:\/\/schema.org","@graph":[{"@type":"Article","@id":"https:\/\/abogadopenalenmendoza.com.ar\/abogado\/2017\/10\/13\/inigo-ortiz-de-urbina-un-rubio-con-cuchillo-va-a-un-asado-un-moreno-va-a-robar\/#article","isPartOf":{"@id":"https:\/\/abogadopenalenmendoza.com.ar\/abogado\/2017\/10\/13\/inigo-ortiz-de-urbina-un-rubio-con-cuchillo-va-a-un-asado-un-moreno-va-a-robar\/"},"author":{"name":"Abogado Ramiro Villalba","@id":"https:\/\/abogadopenalenmendoza.com.ar\/abogado\/#\/schema\/person\/2e1e8beb351c473cfd7a2f3a8abb2e3c"},"headline":"I\u00f1igo Ortiz de Urbina: \u201cUn rubio con cuchillo, va a un asado; un moreno, va a robar\u201d","datePublished":"2017-10-13T05:03:58+00:00","mainEntityOfPage":{"@id":"https:\/\/abogadopenalenmendoza.com.ar\/abogado\/2017\/10\/13\/inigo-ortiz-de-urbina-un-rubio-con-cuchillo-va-a-un-asado-un-moreno-va-a-robar\/"},"wordCount":73,"commentCount":0,"publisher":{"@id":"https:\/\/abogadopenalenmendoza.com.ar\/abogado\/#organization"},"keywords":["abogado","juridico","mendoza","penal","penalista","ramiro villaba"],"inLanguage":"es-AR"},{"@type":"WebPage","@id":"https:\/\/abogadopenalenmendoza.com.ar\/abogado\/2017\/10\/13\/inigo-ortiz-de-urbina-un-rubio-con-cuchillo-va-a-un-asado-un-moreno-va-a-robar\/","url":"https:\/\/abogadopenalenmendoza.com.ar\/abogado\/2017\/10\/13\/inigo-ortiz-de-urbina-un-rubio-con-cuchillo-va-a-un-asado-un-moreno-va-a-robar\/","name":"I\u00f1igo Ortiz de Urbina: \u201cUn rubio con cuchillo, va a un asado; un moreno, va a robar\u201d - Ramiro Villalba - Abogado Penal Mendoza","isPartOf":{"@id":"https:\/\/abogadopenalenmendoza.com.ar\/abogado\/#website"},"datePublished":"2017-10-13T05:03:58+00:00","breadcrumb":{"@id":"https:\/\/abogadopenalenmendoza.com.ar\/abogado\/2017\/10\/13\/inigo-ortiz-de-urbina-un-rubio-con-cuchillo-va-a-un-asado-un-moreno-va-a-robar\/#breadcrumb"},"inLanguage":"es-AR","potentialAction":[{"@type":"ReadAction","target":["https:\/\/abogadopenalenmendoza.com.ar\/abogado\/2017\/10\/13\/inigo-ortiz-de-urbina-un-rubio-con-cuchillo-va-a-un-asado-un-moreno-va-a-robar\/"]}]},{"@type":"BreadcrumbList","@id":"https:\/\/abogadopenalenmendoza.com.ar\/abogado\/2017\/10\/13\/inigo-ortiz-de-urbina-un-rubio-con-cuchillo-va-a-un-asado-un-moreno-va-a-robar\/#breadcrumb","itemListElement":[{"@type":"ListItem","position":1,"name":"Inicio","item":"https:\/\/abogadopenalenmendoza.com.ar\/abogado\/"},{"@type":"ListItem","position":2,"name":"I\u00f1igo Ortiz de Urbina: \u201cUn rubio con cuchillo, va a un asado; un moreno, va a robar\u201d"}]},{"@type":"WebSite","@id":"https:\/\/abogadopenalenmendoza.com.ar\/abogado\/#website","url":"https:\/\/abogadopenalenmendoza.com.ar\/abogado\/","name":"Ramiro Villalba - Abogado Penal Mendoza","description":"","publisher":{"@id":"https:\/\/abogadopenalenmendoza.com.ar\/abogado\/#organization"},"potentialAction":[{"@type":"SearchAction","target":{"@type":"EntryPoint","urlTemplate":"https:\/\/abogadopenalenmendoza.com.ar\/abogado\/?s={search_term_string}"},"query-input":{"@type":"PropertyValueSpecification","valueRequired":true,"valueName":"search_term_string"}}],"inLanguage":"es-AR"},{"@type":"Organization","@id":"https:\/\/abogadopenalenmendoza.com.ar\/abogado\/#organization","name":"Ramiro Villalba - Abogado Penal Mendoza","url":"https:\/\/abogadopenalenmendoza.com.ar\/abogado\/","logo":{"@type":"ImageObject","inLanguage":"es-AR","@id":"https:\/\/abogadopenalenmendoza.com.ar\/abogado\/#\/schema\/logo\/image\/","url":"http:\/\/abogadopenalenmendoza.com.ar\/abogado\/wp-content\/uploads\/2021\/08\/martillo-juicio.fw_-1.png","contentUrl":"http:\/\/abogadopenalenmendoza.com.ar\/abogado\/wp-content\/uploads\/2021\/08\/martillo-juicio.fw_-1.png","width":630,"height":521,"caption":"Ramiro Villalba - Abogado Penal Mendoza"},"image":{"@id":"https:\/\/abogadopenalenmendoza.com.ar\/abogado\/#\/schema\/logo\/image\/"}},{"@type":"Person","@id":"https:\/\/abogadopenalenmendoza.com.ar\/abogado\/#\/schema\/person\/2e1e8beb351c473cfd7a2f3a8abb2e3c","name":"Abogado Ramiro Villalba","image":{"@type":"ImageObject","inLanguage":"es-AR","@id":"https:\/\/secure.gravatar.com\/avatar\/49eb8c708e5a312dcbd67ddc35142c3d17c759fcbe131568ba1a1771f89fe525?s=96&d=mm&r=g","url":"https:\/\/secure.gravatar.com\/avatar\/49eb8c708e5a312dcbd67ddc35142c3d17c759fcbe131568ba1a1771f89fe525?s=96&d=mm&r=g","contentUrl":"https:\/\/secure.gravatar.com\/avatar\/49eb8c708e5a312dcbd67ddc35142c3d17c759fcbe131568ba1a1771f89fe525?s=96&d=mm&r=g","caption":"Abogado Ramiro Villalba"},"url":"https:\/\/abogadopenalenmendoza.com.ar\/abogado\/author\/abogado-ramiro-villalba\/"}]}},"_links":{"self":[{"href":"https:\/\/abogadopenalenmendoza.com.ar\/abogado\/wp-json\/wp\/v2\/posts\/128","targetHints":{"allow":["GET"]}}],"collection":[{"href":"https:\/\/abogadopenalenmendoza.com.ar\/abogado\/wp-json\/wp\/v2\/posts"}],"about":[{"href":"https:\/\/abogadopenalenmendoza.com.ar\/abogado\/wp-json\/wp\/v2\/types\/post"}],"author":[{"embeddable":true,"href":"https:\/\/abogadopenalenmendoza.com.ar\/abogado\/wp-json\/wp\/v2\/users\/2"}],"replies":[{"embeddable":true,"href":"https:\/\/abogadopenalenmendoza.com.ar\/abogado\/wp-json\/wp\/v2\/comments?post=128"}],"version-history":[{"count":0,"href":"https:\/\/abogadopenalenmendoza.com.ar\/abogado\/wp-json\/wp\/v2\/posts\/128\/revisions"}],"wp:attachment":[{"href":"https:\/\/abogadopenalenmendoza.com.ar\/abogado\/wp-json\/wp\/v2\/media?parent=128"}],"wp:term":[{"taxonomy":"category","embeddable":true,"href":"https:\/\/abogadopenalenmendoza.com.ar\/abogado\/wp-json\/wp\/v2\/categories?post=128"},{"taxonomy":"post_tag","embeddable":true,"href":"https:\/\/abogadopenalenmendoza.com.ar\/abogado\/wp-json\/wp\/v2\/tags?post=128"}],"curies":[{"name":"wp","href":"https:\/\/api.w.org\/{rel}","templated":true}]}}