{"id":1166,"date":"2025-02-10T17:16:04","date_gmt":"2025-02-10T20:16:04","guid":{"rendered":"https:\/\/abogadopenalenmendoza.com.ar\/abogado\/?p=1166"},"modified":"2025-02-15T14:15:15","modified_gmt":"2025-02-15T17:15:15","slug":"retiro-de-celulares-en-las-carceles-de-mendoza","status":"publish","type":"post","link":"https:\/\/abogadopenalenmendoza.com.ar\/abogado\/2025\/02\/10\/retiro-de-celulares-en-las-carceles-de-mendoza\/","title":{"rendered":"Retiro de celulares en las c\u00e1rceles de Mendoza"},"content":{"rendered":"\n<p>Les dejo esta nota en donde debatimos el desaf\u00edo de encontrar un equilibrio de derechos a d\u00edas del retiro de celulares en las c\u00e1rceles de Mendoza<\/p>\n\n\n\n<p><a href=\"https:\/\/eleditormendoza.com.ar\/investigaciones-y-especiales\/a-dias-del-retiro-celulares-las-carceles-mendoza-como-es-el-proceso-y-el-profundo-debate-que-plantea-n5353983\">https:\/\/eleditormendoza.com.ar\/investigaciones-y-especiales\/a-dias-del-retiro-celulares-las-carceles-mendoza-como-es-el-proceso-y-el-profundo-debate-que-plantea-n5353983<\/a><\/p>\n","protected":false},"excerpt":{"rendered":"<p>Les dejo esta nota en donde debatimos el desaf\u00edo de encontrar un equilibrio de derechos a d\u00edas del retiro de celulares en las c\u00e1rceles de Mendoza https:\/\/eleditormendoza.com.ar\/investigaciones-y-especiales\/a-dias-del-retiro-celulares-las-carceles-mendoza-como-es-el-proceso-y-el-profundo-debate-que-plantea-n5353983<\/p>\n","protected":false},"author":1,"featured_media":1167,"comment_status":"closed","ping_status":"closed","sticky":false,"template":"","format":"standard","meta":{"_joinchat":[],"footnotes":""},"categories":[31],"tags":[2,5,6,7,38,8],"class_list":{"0":"post-1166","1":"post","2":"type-post","3":"status-publish","4":"format-standard","5":"has-post-thumbnail","7":"category-entrevistas","8":"tag-abogado","9":"tag-mendoza","10":"tag-penal","11":"tag-penalista","12":"tag-ramiro","13":"tag-villalba"},"yoast_head":"<!-- This site is optimized with the Yoast SEO Premium plugin v24.1 (Yoast SEO v27.3) - https:\/\/yoast.com\/product\/yoast-seo-premium-wordpress\/ -->\n<title>Retiro de celulares en las c\u00e1rceles de Mendoza - Ramiro Villalba - Abogado Penal Mendoza<\/title>\n<meta name=\"robots\" content=\"index, follow, max-snippet:-1, max-image-preview:large, max-video-preview:-1\" \/>\n<link rel=\"canonical\" href=\"https:\/\/abogadopenalenmendoza.com.ar\/abogado\/2025\/02\/10\/retiro-de-celulares-en-las-carceles-de-mendoza\/\" \/>\n<meta property=\"og:locale\" content=\"es_ES\" \/>\n<meta property=\"og:type\" content=\"article\" \/>\n<meta property=\"og:title\" content=\"Retiro de celulares en las c\u00e1rceles de Mendoza\" \/>\n<meta property=\"og:description\" content=\"Les dejo esta nota en donde debatimos el desaf\u00edo de encontrar un equilibrio de derechos a d\u00edas del retiro de celulares en las c\u00e1rceles de Mendoza https:\/\/eleditormendoza.com.ar\/investigaciones-y-especiales\/a-dias-del-retiro-celulares-las-carceles-mendoza-como-es-el-proceso-y-el-profundo-debate-que-plantea-n5353983\" \/>\n<meta property=\"og:url\" content=\"https:\/\/abogadopenalenmendoza.com.ar\/abogado\/2025\/02\/10\/retiro-de-celulares-en-las-carceles-de-mendoza\/\" \/>\n<meta property=\"og:site_name\" content=\"Ramiro Villalba - Abogado Penal Mendoza\" \/>\n<meta property=\"article:published_time\" content=\"2025-02-10T20:16:04+00:00\" \/>\n<meta property=\"article:modified_time\" content=\"2025-02-15T17:15:15+00:00\" \/>\n<meta property=\"og:image\" content=\"https:\/\/abogadopenalenmendoza.com.ar\/abogado\/wp-content\/uploads\/2025\/02\/Imagen-de-WhatsApp-2025-02-10-a-las-11.30.11_f118a81c.jpg\" \/>\n\t<meta property=\"og:image:width\" content=\"1080\" \/>\n\t<meta property=\"og:image:height\" content=\"907\" \/>\n\t<meta property=\"og:image:type\" content=\"image\/jpeg\" \/>\n<meta name=\"author\" content=\"Ramiro Villalba\" \/>\n<meta name=\"twitter:card\" content=\"summary_large_image\" \/>\n<meta name=\"twitter:label1\" content=\"Escrito por\" \/>\n\t<meta name=\"twitter:data1\" content=\"Ramiro Villalba\" \/>\n<script type=\"application\/ld+json\" class=\"yoast-schema-graph\">{\"@context\":\"https:\\\/\\\/schema.org\",\"@graph\":[{\"@type\":\"Article\",\"@id\":\"https:\\\/\\\/abogadopenalenmendoza.com.ar\\\/abogado\\\/2025\\\/02\\\/10\\\/retiro-de-celulares-en-las-carceles-de-mendoza\\\/#article\",\"isPartOf\":{\"@id\":\"https:\\\/\\\/abogadopenalenmendoza.com.ar\\\/abogado\\\/2025\\\/02\\\/10\\\/retiro-de-celulares-en-las-carceles-de-mendoza\\\/\"},\"author\":{\"name\":\"Ramiro Villalba\",\"@id\":\"https:\\\/\\\/abogadopenalenmendoza.com.ar\\\/abogado\\\/#\\\/schema\\\/person\\\/c86ea35da1c2a0678775a204d737017c\"},\"headline\":\"Retiro de celulares en las c\u00e1rceles de Mendoza\",\"datePublished\":\"2025-02-10T20:16:04+00:00\",\"dateModified\":\"2025-02-15T17:15:15+00:00\",\"mainEntityOfPage\":{\"@id\":\"https:\\\/\\\/abogadopenalenmendoza.com.ar\\\/abogado\\\/2025\\\/02\\\/10\\\/retiro-de-celulares-en-las-carceles-de-mendoza\\\/\"},\"wordCount\":44,\"publisher\":{\"@id\":\"https:\\\/\\\/abogadopenalenmendoza.com.ar\\\/abogado\\\/#organization\"},\"image\":{\"@id\":\"https:\\\/\\\/abogadopenalenmendoza.com.ar\\\/abogado\\\/2025\\\/02\\\/10\\\/retiro-de-celulares-en-las-carceles-de-mendoza\\\/#primaryimage\"},\"thumbnailUrl\":\"https:\\\/\\\/abogadopenalenmendoza.com.ar\\\/abogado\\\/wp-content\\\/uploads\\\/2025\\\/02\\\/Imagen-de-WhatsApp-2025-02-10-a-las-11.30.11_f118a81c.jpg\",\"keywords\":[\"abogado\",\"mendoza\",\"penal\",\"penalista\",\"ramiro\",\"villalba\"],\"articleSection\":[\"Entrevistas\"],\"inLanguage\":\"es-AR\"},{\"@type\":\"WebPage\",\"@id\":\"https:\\\/\\\/abogadopenalenmendoza.com.ar\\\/abogado\\\/2025\\\/02\\\/10\\\/retiro-de-celulares-en-las-carceles-de-mendoza\\\/\",\"url\":\"https:\\\/\\\/abogadopenalenmendoza.com.ar\\\/abogado\\\/2025\\\/02\\\/10\\\/retiro-de-celulares-en-las-carceles-de-mendoza\\\/\",\"name\":\"Retiro de celulares en las c\u00e1rceles de Mendoza - Ramiro Villalba - Abogado Penal Mendoza\",\"isPartOf\":{\"@id\":\"https:\\\/\\\/abogadopenalenmendoza.com.ar\\\/abogado\\\/#website\"},\"primaryImageOfPage\":{\"@id\":\"https:\\\/\\\/abogadopenalenmendoza.com.ar\\\/abogado\\\/2025\\\/02\\\/10\\\/retiro-de-celulares-en-las-carceles-de-mendoza\\\/#primaryimage\"},\"image\":{\"@id\":\"https:\\\/\\\/abogadopenalenmendoza.com.ar\\\/abogado\\\/2025\\\/02\\\/10\\\/retiro-de-celulares-en-las-carceles-de-mendoza\\\/#primaryimage\"},\"thumbnailUrl\":\"https:\\\/\\\/abogadopenalenmendoza.com.ar\\\/abogado\\\/wp-content\\\/uploads\\\/2025\\\/02\\\/Imagen-de-WhatsApp-2025-02-10-a-las-11.30.11_f118a81c.jpg\",\"datePublished\":\"2025-02-10T20:16:04+00:00\",\"dateModified\":\"2025-02-15T17:15:15+00:00\",\"breadcrumb\":{\"@id\":\"https:\\\/\\\/abogadopenalenmendoza.com.ar\\\/abogado\\\/2025\\\/02\\\/10\\\/retiro-de-celulares-en-las-carceles-de-mendoza\\\/#breadcrumb\"},\"inLanguage\":\"es-AR\",\"potentialAction\":[{\"@type\":\"ReadAction\",\"target\":[\"https:\\\/\\\/abogadopenalenmendoza.com.ar\\\/abogado\\\/2025\\\/02\\\/10\\\/retiro-de-celulares-en-las-carceles-de-mendoza\\\/\"]}]},{\"@type\":\"ImageObject\",\"inLanguage\":\"es-AR\",\"@id\":\"https:\\\/\\\/abogadopenalenmendoza.com.ar\\\/abogado\\\/2025\\\/02\\\/10\\\/retiro-de-celulares-en-las-carceles-de-mendoza\\\/#primaryimage\",\"url\":\"https:\\\/\\\/abogadopenalenmendoza.com.ar\\\/abogado\\\/wp-content\\\/uploads\\\/2025\\\/02\\\/Imagen-de-WhatsApp-2025-02-10-a-las-11.30.11_f118a81c.jpg\",\"contentUrl\":\"https:\\\/\\\/abogadopenalenmendoza.com.ar\\\/abogado\\\/wp-content\\\/uploads\\\/2025\\\/02\\\/Imagen-de-WhatsApp-2025-02-10-a-las-11.30.11_f118a81c.jpg\",\"width\":1080,\"height\":907},{\"@type\":\"BreadcrumbList\",\"@id\":\"https:\\\/\\\/abogadopenalenmendoza.com.ar\\\/abogado\\\/2025\\\/02\\\/10\\\/retiro-de-celulares-en-las-carceles-de-mendoza\\\/#breadcrumb\",\"itemListElement\":[{\"@type\":\"ListItem\",\"position\":1,\"name\":\"Inicio\",\"item\":\"https:\\\/\\\/abogadopenalenmendoza.com.ar\\\/abogado\\\/\"},{\"@type\":\"ListItem\",\"position\":2,\"name\":\"Retiro de celulares en las c\u00e1rceles de Mendoza\"}]},{\"@type\":\"WebSite\",\"@id\":\"https:\\\/\\\/abogadopenalenmendoza.com.ar\\\/abogado\\\/#website\",\"url\":\"https:\\\/\\\/abogadopenalenmendoza.com.ar\\\/abogado\\\/\",\"name\":\"Ramiro Villalba - Abogado Penal Mendoza\",\"description\":\"\",\"publisher\":{\"@id\":\"https:\\\/\\\/abogadopenalenmendoza.com.ar\\\/abogado\\\/#organization\"},\"potentialAction\":[{\"@type\":\"SearchAction\",\"target\":{\"@type\":\"EntryPoint\",\"urlTemplate\":\"https:\\\/\\\/abogadopenalenmendoza.com.ar\\\/abogado\\\/?s={search_term_string}\"},\"query-input\":{\"@type\":\"PropertyValueSpecification\",\"valueRequired\":true,\"valueName\":\"search_term_string\"}}],\"inLanguage\":\"es-AR\"},{\"@type\":\"Organization\",\"@id\":\"https:\\\/\\\/abogadopenalenmendoza.com.ar\\\/abogado\\\/#organization\",\"name\":\"Ramiro Villalba - Abogado Penal Mendoza\",\"url\":\"https:\\\/\\\/abogadopenalenmendoza.com.ar\\\/abogado\\\/\",\"logo\":{\"@type\":\"ImageObject\",\"inLanguage\":\"es-AR\",\"@id\":\"https:\\\/\\\/abogadopenalenmendoza.com.ar\\\/abogado\\\/#\\\/schema\\\/logo\\\/image\\\/\",\"url\":\"http:\\\/\\\/abogadopenalenmendoza.com.ar\\\/abogado\\\/wp-content\\\/uploads\\\/2021\\\/08\\\/martillo-juicio.fw_-1.png\",\"contentUrl\":\"http:\\\/\\\/abogadopenalenmendoza.com.ar\\\/abogado\\\/wp-content\\\/uploads\\\/2021\\\/08\\\/martillo-juicio.fw_-1.png\",\"width\":630,\"height\":521,\"caption\":\"Ramiro Villalba - Abogado Penal Mendoza\"},\"image\":{\"@id\":\"https:\\\/\\\/abogadopenalenmendoza.com.ar\\\/abogado\\\/#\\\/schema\\\/logo\\\/image\\\/\"}},{\"@type\":\"Person\",\"@id\":\"https:\\\/\\\/abogadopenalenmendoza.com.ar\\\/abogado\\\/#\\\/schema\\\/person\\\/c86ea35da1c2a0678775a204d737017c\",\"name\":\"Ramiro Villalba\",\"image\":{\"@type\":\"ImageObject\",\"inLanguage\":\"es-AR\",\"@id\":\"https:\\\/\\\/secure.gravatar.com\\\/avatar\\\/49eb8c708e5a312dcbd67ddc35142c3d17c759fcbe131568ba1a1771f89fe525?s=96&d=mm&r=g\",\"url\":\"https:\\\/\\\/secure.gravatar.com\\\/avatar\\\/49eb8c708e5a312dcbd67ddc35142c3d17c759fcbe131568ba1a1771f89fe525?s=96&d=mm&r=g\",\"contentUrl\":\"https:\\\/\\\/secure.gravatar.com\\\/avatar\\\/49eb8c708e5a312dcbd67ddc35142c3d17c759fcbe131568ba1a1771f89fe525?s=96&d=mm&r=g\",\"caption\":\"Ramiro Villalba\"},\"sameAs\":[\"http:\\\/\\\/abogadopenalenmendoza.com.ar\\\/abogado\"],\"url\":\"https:\\\/\\\/abogadopenalenmendoza.com.ar\\\/abogado\\\/author\\\/rami750\\\/\"}]}<\/script>\n<!-- \/ Yoast SEO Premium plugin. -->","yoast_head_json":{"title":"Retiro de celulares en las c\u00e1rceles de Mendoza - Ramiro Villalba - Abogado Penal Mendoza","robots":{"index":"index","follow":"follow","max-snippet":"max-snippet:-1","max-image-preview":"max-image-preview:large","max-video-preview":"max-video-preview:-1"},"canonical":"https:\/\/abogadopenalenmendoza.com.ar\/abogado\/2025\/02\/10\/retiro-de-celulares-en-las-carceles-de-mendoza\/","og_locale":"es_ES","og_type":"article","og_title":"Retiro de celulares en las c\u00e1rceles de Mendoza","og_description":"Les dejo esta nota en donde debatimos el desaf\u00edo de encontrar un equilibrio de derechos a d\u00edas del retiro de celulares en las c\u00e1rceles de Mendoza https:\/\/eleditormendoza.com.ar\/investigaciones-y-especiales\/a-dias-del-retiro-celulares-las-carceles-mendoza-como-es-el-proceso-y-el-profundo-debate-que-plantea-n5353983","og_url":"https:\/\/abogadopenalenmendoza.com.ar\/abogado\/2025\/02\/10\/retiro-de-celulares-en-las-carceles-de-mendoza\/","og_site_name":"Ramiro Villalba - Abogado Penal Mendoza","article_published_time":"2025-02-10T20:16:04+00:00","article_modified_time":"2025-02-15T17:15:15+00:00","og_image":[{"width":1080,"height":907,"url":"https:\/\/abogadopenalenmendoza.com.ar\/abogado\/wp-content\/uploads\/2025\/02\/Imagen-de-WhatsApp-2025-02-10-a-las-11.30.11_f118a81c.jpg","type":"image\/jpeg"}],"author":"Ramiro Villalba","twitter_card":"summary_large_image","twitter_misc":{"Escrito por":"Ramiro Villalba"},"schema":{"@context":"https:\/\/schema.org","@graph":[{"@type":"Article","@id":"https:\/\/abogadopenalenmendoza.com.ar\/abogado\/2025\/02\/10\/retiro-de-celulares-en-las-carceles-de-mendoza\/#article","isPartOf":{"@id":"https:\/\/abogadopenalenmendoza.com.ar\/abogado\/2025\/02\/10\/retiro-de-celulares-en-las-carceles-de-mendoza\/"},"author":{"name":"Ramiro Villalba","@id":"https:\/\/abogadopenalenmendoza.com.ar\/abogado\/#\/schema\/person\/c86ea35da1c2a0678775a204d737017c"},"headline":"Retiro de celulares en las c\u00e1rceles de Mendoza","datePublished":"2025-02-10T20:16:04+00:00","dateModified":"2025-02-15T17:15:15+00:00","mainEntityOfPage":{"@id":"https:\/\/abogadopenalenmendoza.com.ar\/abogado\/2025\/02\/10\/retiro-de-celulares-en-las-carceles-de-mendoza\/"},"wordCount":44,"publisher":{"@id":"https:\/\/abogadopenalenmendoza.com.ar\/abogado\/#organization"},"image":{"@id":"https:\/\/abogadopenalenmendoza.com.ar\/abogado\/2025\/02\/10\/retiro-de-celulares-en-las-carceles-de-mendoza\/#primaryimage"},"thumbnailUrl":"https:\/\/abogadopenalenmendoza.com.ar\/abogado\/wp-content\/uploads\/2025\/02\/Imagen-de-WhatsApp-2025-02-10-a-las-11.30.11_f118a81c.jpg","keywords":["abogado","mendoza","penal","penalista","ramiro","villalba"],"articleSection":["Entrevistas"],"inLanguage":"es-AR"},{"@type":"WebPage","@id":"https:\/\/abogadopenalenmendoza.com.ar\/abogado\/2025\/02\/10\/retiro-de-celulares-en-las-carceles-de-mendoza\/","url":"https:\/\/abogadopenalenmendoza.com.ar\/abogado\/2025\/02\/10\/retiro-de-celulares-en-las-carceles-de-mendoza\/","name":"Retiro de celulares en las c\u00e1rceles de Mendoza - Ramiro Villalba - Abogado Penal Mendoza","isPartOf":{"@id":"https:\/\/abogadopenalenmendoza.com.ar\/abogado\/#website"},"primaryImageOfPage":{"@id":"https:\/\/abogadopenalenmendoza.com.ar\/abogado\/2025\/02\/10\/retiro-de-celulares-en-las-carceles-de-mendoza\/#primaryimage"},"image":{"@id":"https:\/\/abogadopenalenmendoza.com.ar\/abogado\/2025\/02\/10\/retiro-de-celulares-en-las-carceles-de-mendoza\/#primaryimage"},"thumbnailUrl":"https:\/\/abogadopenalenmendoza.com.ar\/abogado\/wp-content\/uploads\/2025\/02\/Imagen-de-WhatsApp-2025-02-10-a-las-11.30.11_f118a81c.jpg","datePublished":"2025-02-10T20:16:04+00:00","dateModified":"2025-02-15T17:15:15+00:00","breadcrumb":{"@id":"https:\/\/abogadopenalenmendoza.com.ar\/abogado\/2025\/02\/10\/retiro-de-celulares-en-las-carceles-de-mendoza\/#breadcrumb"},"inLanguage":"es-AR","potentialAction":[{"@type":"ReadAction","target":["https:\/\/abogadopenalenmendoza.com.ar\/abogado\/2025\/02\/10\/retiro-de-celulares-en-las-carceles-de-mendoza\/"]}]},{"@type":"ImageObject","inLanguage":"es-AR","@id":"https:\/\/abogadopenalenmendoza.com.ar\/abogado\/2025\/02\/10\/retiro-de-celulares-en-las-carceles-de-mendoza\/#primaryimage","url":"https:\/\/abogadopenalenmendoza.com.ar\/abogado\/wp-content\/uploads\/2025\/02\/Imagen-de-WhatsApp-2025-02-10-a-las-11.30.11_f118a81c.jpg","contentUrl":"https:\/\/abogadopenalenmendoza.com.ar\/abogado\/wp-content\/uploads\/2025\/02\/Imagen-de-WhatsApp-2025-02-10-a-las-11.30.11_f118a81c.jpg","width":1080,"height":907},{"@type":"BreadcrumbList","@id":"https:\/\/abogadopenalenmendoza.com.ar\/abogado\/2025\/02\/10\/retiro-de-celulares-en-las-carceles-de-mendoza\/#breadcrumb","itemListElement":[{"@type":"ListItem","position":1,"name":"Inicio","item":"https:\/\/abogadopenalenmendoza.com.ar\/abogado\/"},{"@type":"ListItem","position":2,"name":"Retiro de celulares en las c\u00e1rceles de Mendoza"}]},{"@type":"WebSite","@id":"https:\/\/abogadopenalenmendoza.com.ar\/abogado\/#website","url":"https:\/\/abogadopenalenmendoza.com.ar\/abogado\/","name":"Ramiro Villalba - Abogado Penal Mendoza","description":"","publisher":{"@id":"https:\/\/abogadopenalenmendoza.com.ar\/abogado\/#organization"},"potentialAction":[{"@type":"SearchAction","target":{"@type":"EntryPoint","urlTemplate":"https:\/\/abogadopenalenmendoza.com.ar\/abogado\/?s={search_term_string}"},"query-input":{"@type":"PropertyValueSpecification","valueRequired":true,"valueName":"search_term_string"}}],"inLanguage":"es-AR"},{"@type":"Organization","@id":"https:\/\/abogadopenalenmendoza.com.ar\/abogado\/#organization","name":"Ramiro Villalba - Abogado Penal Mendoza","url":"https:\/\/abogadopenalenmendoza.com.ar\/abogado\/","logo":{"@type":"ImageObject","inLanguage":"es-AR","@id":"https:\/\/abogadopenalenmendoza.com.ar\/abogado\/#\/schema\/logo\/image\/","url":"http:\/\/abogadopenalenmendoza.com.ar\/abogado\/wp-content\/uploads\/2021\/08\/martillo-juicio.fw_-1.png","contentUrl":"http:\/\/abogadopenalenmendoza.com.ar\/abogado\/wp-content\/uploads\/2021\/08\/martillo-juicio.fw_-1.png","width":630,"height":521,"caption":"Ramiro Villalba - Abogado Penal Mendoza"},"image":{"@id":"https:\/\/abogadopenalenmendoza.com.ar\/abogado\/#\/schema\/logo\/image\/"}},{"@type":"Person","@id":"https:\/\/abogadopenalenmendoza.com.ar\/abogado\/#\/schema\/person\/c86ea35da1c2a0678775a204d737017c","name":"Ramiro Villalba","image":{"@type":"ImageObject","inLanguage":"es-AR","@id":"https:\/\/secure.gravatar.com\/avatar\/49eb8c708e5a312dcbd67ddc35142c3d17c759fcbe131568ba1a1771f89fe525?s=96&d=mm&r=g","url":"https:\/\/secure.gravatar.com\/avatar\/49eb8c708e5a312dcbd67ddc35142c3d17c759fcbe131568ba1a1771f89fe525?s=96&d=mm&r=g","contentUrl":"https:\/\/secure.gravatar.com\/avatar\/49eb8c708e5a312dcbd67ddc35142c3d17c759fcbe131568ba1a1771f89fe525?s=96&d=mm&r=g","caption":"Ramiro Villalba"},"sameAs":["http:\/\/abogadopenalenmendoza.com.ar\/abogado"],"url":"https:\/\/abogadopenalenmendoza.com.ar\/abogado\/author\/rami750\/"}]}},"_links":{"self":[{"href":"https:\/\/abogadopenalenmendoza.com.ar\/abogado\/wp-json\/wp\/v2\/posts\/1166","targetHints":{"allow":["GET"]}}],"collection":[{"href":"https:\/\/abogadopenalenmendoza.com.ar\/abogado\/wp-json\/wp\/v2\/posts"}],"about":[{"href":"https:\/\/abogadopenalenmendoza.com.ar\/abogado\/wp-json\/wp\/v2\/types\/post"}],"author":[{"embeddable":true,"href":"https:\/\/abogadopenalenmendoza.com.ar\/abogado\/wp-json\/wp\/v2\/users\/1"}],"replies":[{"embeddable":true,"href":"https:\/\/abogadopenalenmendoza.com.ar\/abogado\/wp-json\/wp\/v2\/comments?post=1166"}],"version-history":[{"count":1,"href":"https:\/\/abogadopenalenmendoza.com.ar\/abogado\/wp-json\/wp\/v2\/posts\/1166\/revisions"}],"predecessor-version":[{"id":1168,"href":"https:\/\/abogadopenalenmendoza.com.ar\/abogado\/wp-json\/wp\/v2\/posts\/1166\/revisions\/1168"}],"wp:featuredmedia":[{"embeddable":true,"href":"https:\/\/abogadopenalenmendoza.com.ar\/abogado\/wp-json\/wp\/v2\/media\/1167"}],"wp:attachment":[{"href":"https:\/\/abogadopenalenmendoza.com.ar\/abogado\/wp-json\/wp\/v2\/media?parent=1166"}],"wp:term":[{"taxonomy":"category","embeddable":true,"href":"https:\/\/abogadopenalenmendoza.com.ar\/abogado\/wp-json\/wp\/v2\/categories?post=1166"},{"taxonomy":"post_tag","embeddable":true,"href":"https:\/\/abogadopenalenmendoza.com.ar\/abogado\/wp-json\/wp\/v2\/tags?post=1166"}],"curies":[{"name":"wp","href":"https:\/\/api.w.org\/{rel}","templated":true}]}}